{"id":3705,"date":"2023-12-12T13:44:25","date_gmt":"2023-12-12T12:44:25","guid":{"rendered":"https:\/\/pasaenmendoza.com\/?p=3705"},"modified":"2023-12-12T13:44:26","modified_gmt":"2023-12-12T12:44:26","slug":"la-titular-de-promendoza-apostara-a-aumentar-la-exportacion-de-insectos-esterilizados-a-latinoamerica","status":"publish","type":"post","link":"https:\/\/pasaenmendoza.com\/?p=3705","title":{"rendered":"La titular de ProMendoza apostar\u00e1 a aumentar la exportaci\u00f3n de insectos esterilizados a Latinoam\u00e9rica"},"content":{"rendered":"\n<p>&#8220;Uno de los primeros temas que quiero trabajar es\u00a0<strong>mejorar la exportaci\u00f3n de insectos est\u00e9riles.<\/strong>\u00a0Eso podr\u00eda hacer que\u00a0<strong>el ISCAMEN pueda autosustentarse<\/strong>&#8220;, anunci\u00f3\u00a0<strong>Patricia Gim\u00e9nez,<\/strong>\u00a0la nueva\u00a0<strong>titular de ProMendoza<\/strong>, cuando se le pregunt\u00f3 por las prioridades que se ha fijado para su nueva gesti\u00f3n. Para lograrlo no dudar\u00e1 en golpear puertas de oficinas nacionales con el fin de modificar pol\u00edticas aduaneras.<\/p>\n\n\n\n<p>La funcionaria, que en esta nueva gesti\u00f3n de Alfredo Cornejo tendr\u00e1 un rango equiparado al de una ministra, sabe de los problemas<strong>&nbsp;que tiene el Instituto de Sanidad y Calidad Agropecuaria de Mendoza (Iscamen) para exportar las especies esterilizadas de moscas del Mediterr\u00e1neo<\/strong>&nbsp;que se utilizan para combatir esa plaga.<\/p>\n\n\n\n<p>Por eso se puso como meta no s\u00f3lo aceitar ese sistema y exportarlo sino tambi\u00e9n\u00a0<strong>replicar el trabajo para combatir el dengue, que afecta sobre todo a los pa\u00edses que limitan con el Norte argentino<\/strong>. Tambi\u00e9n en ese frente podr\u00edan generarse -y exportarse con \u00e9xito- ejemplares esterilizados.<\/p>\n\n\n\n<p>&#8220;El&nbsp;<strong>Iscamen exporta moscas de mediterr\u00e1neo a Chile con much\u00edsimas dificultades y podr\u00eda autosustentarse&nbsp;<\/strong>si lograra exportar correctamente. Hoy eso se hace como una exportaci\u00f3n com\u00fan, cuando en realidad va de un organismo p\u00fablico a otro organismo p\u00fablico en Chile y eso se podr\u00eda mejorar.&nbsp;<strong>Necesita de tiempos m\u00e1s r\u00e1pidos y eso se lograr\u00eda con buena voluntad<\/strong>&#8220;, desnud\u00f3 en el programa &#8220;Te digo lo que pienso&#8221;, casi en tono de queja de las pol\u00edticas aduaneras que se deber\u00edan cambiar.<\/p>\n\n\n\n<p>La mendocina sabe que para agilizar esas exportaciones es probable que se necesite de una&nbsp;<strong>reforma al c\u00f3digo aduanero<\/strong>, pero se esperanza con que si el Ejecutivo entiende que se trata de una pol\u00edtica fitosanitaria,&nbsp;<strong>esas demoras pudieran salvarse con un decreto de necesidad y urgencia<\/strong>, y parece dispuesta a buscar esa herramienta de ser necesario.<\/p>\n\n\n\n<p>A la hora de resaltar los beneficios que le reportar\u00eda a Mendoza\u00a0<strong>incrementar y acelerar esas exportaciones de insectos esterilizados<\/strong>, Gim\u00e9nez record\u00f3 que la mosca del Mediterr\u00e1neo ingres\u00f3 a la provincia proveniente de Chile y asegur\u00f3 que invirtiendo en esos m\u00e9todos no s\u00f3lo se generar\u00edan ingresos al Iscamen, sino tambi\u00e9n se mejorar\u00edan los productos de los vecinos pa\u00edses, lo que a futuro puede repercutir tambi\u00e9n en los propios productos nacionales, justamente por el intercambio comercial de nuestro pa\u00eds con los aleda\u00f1os.<\/p>\n\n\n\n<h2 class=\"wp-block-heading\">Buscar\u00e1n combatir el dengue con insectos esterilizados<\/h2>\n\n\n\n<p>Habiendo probado ya la eficacia de combatir la mosca del Mediterr\u00e1neo con especies esterilizadas, seg\u00fan cont\u00f3 Gim\u00e9nez, ahora en el Iscamen tambi\u00e9n vienen\u00a0<strong>trabajando para replicar la misma t\u00e9cnica para combatir dengue, chikungunya y zika<\/strong>, algo que no s\u00f3lo ser\u00eda de gran utilidad en el pa\u00eds, sobre todo en el Norte, sino que tambi\u00e9n podr\u00eda\u00a0<strong>exportarse<\/strong>.<\/p>\n\n\n\n<p>&#8220;Nosotros tenemos un problema end\u00e9mico en el Norte del pa\u00eds, especialmente en la frontera con\u00a0<strong>Bolivia y Paraguay<\/strong>. Y la verdad es que lo que tenemos que buscar es una l\u00ednea de gesti\u00f3n distinta, y requiere que la exportaci\u00f3n sea m\u00e1s r\u00e1pida.\u00a0<strong>Esto necesita de voluntad no s\u00f3lo ac\u00e1, sino tambi\u00e9n en los vecinos pa\u00edses<\/strong>&#8220;, apunt\u00f3 Gim\u00e9nez.<\/p>\n\n\n\n<p><strong>Fuente: www.diariouno.com.ar<\/strong><\/p>\n","protected":false},"excerpt":{"rendered":"<p>&#8220;Uno de los primeros temas que quiero trabajar es\u00a0mejorar la exportaci\u00f3n de insectos est\u00e9riles.\u00a0Eso podr\u00eda hacer que\u00a0el ISCAMEN pueda autosustentarse&#8220;, anunci\u00f3\u00a0Patricia Gim\u00e9nez,\u00a0la nueva\u00a0titular de ProMendoza, cuando se le pregunt\u00f3 por las prioridades que se ha fijado para su nueva gesti\u00f3n. Para lograrlo no dudar\u00e1 en golpear puertas de oficinas nacionales con el fin de modificar [&hellip;]<\/p>\n","protected":false},"author":2,"featured_media":3706,"comment_status":"open","ping_status":"open","sticky":false,"template":"","format":"standard","meta":[],"categories":[85],"tags":[],"_links":{"self":[{"href":"https:\/\/pasaenmendoza.com\/index.php?rest_route=\/wp\/v2\/posts\/3705"}],"collection":[{"href":"https:\/\/pasaenmendoza.com\/index.php?rest_route=\/wp\/v2\/posts"}],"about":[{"href":"https:\/\/pasaenmendoza.com\/index.php?rest_route=\/wp\/v2\/types\/post"}],"author":[{"embeddable":true,"href":"https:\/\/pasaenmendoza.com\/index.php?rest_route=\/wp\/v2\/users\/2"}],"replies":[{"embeddable":true,"href":"https:\/\/pasaenmendoza.com\/index.php?rest_route=%2Fwp%2Fv2%2Fcomments&post=3705"}],"version-history":[{"count":1,"href":"https:\/\/pasaenmendoza.com\/index.php?rest_route=\/wp\/v2\/posts\/3705\/revisions"}],"predecessor-version":[{"id":3708,"href":"https:\/\/pasaenmendoza.com\/index.php?rest_route=\/wp\/v2\/posts\/3705\/revisions\/3708"}],"wp:featuredmedia":[{"embeddable":true,"href":"https:\/\/pasaenmendoza.com\/index.php?rest_route=\/wp\/v2\/media\/3706"}],"wp:attachment":[{"href":"https:\/\/pasaenmendoza.com\/index.php?rest_route=%2Fwp%2Fv2%2Fmedia&parent=3705"}],"wp:term":[{"taxonomy":"category","embeddable":true,"href":"https:\/\/pasaenmendoza.com\/index.php?rest_route=%2Fwp%2Fv2%2Fcategories&post=3705"},{"taxonomy":"post_tag","embeddable":true,"href":"https:\/\/pasaenmendoza.com\/index.php?rest_route=%2Fwp%2Fv2%2Ftags&post=3705"}],"curies":[{"name":"wp","href":"https:\/\/api.w.org\/{rel}","templated":true}]}}