{"id":3707,"date":"2023-12-12T14:04:20","date_gmt":"2023-12-12T13:04:20","guid":{"rendered":"https:\/\/pasaenmendoza.com\/?p=3707"},"modified":"2023-12-12T14:04:21","modified_gmt":"2023-12-12T13:04:21","slug":"vivir-con-lo-nuestro-el-pedido-de-cornejo-a-milei-y-la-negociacion-que-viene","status":"publish","type":"post","link":"https:\/\/pasaenmendoza.com\/?p=3707","title":{"rendered":"Vivir con lo nuestro: el pedido de Cornejo a Milei y la negociaci\u00f3n que viene"},"content":{"rendered":"\n<p>Alfredo Cornejo apoya que haya un &#8220;plan de austeridad&#8221;. Pero pidi\u00f3 que al menos se cumpla con las transferencias obligatorias. Temor por el impacto del aumento de insumos y el recorte de recursos.<\/p>\n\n\n\n<p>El gobierno de&nbsp;<strong>Alfredo<\/strong>&nbsp;<strong>Cornejo<\/strong>&nbsp;a\u00fan no toma ninguna decisi\u00f3n ejecutiva. Ni cambios, ni continuidades. No hay Decretos, ni Resoluciones firmados por las pocas nuevas autoridades que llegaron a Casa de Gobierno, empezando por el Gobernador. Por ahora est\u00e1n &#8220;expectantes&#8221; a lo que ocurra a nivel nacional, al rumbo que le d\u00e9&nbsp;<strong>Javier<\/strong>&nbsp;<strong>Milei<\/strong>&nbsp;al pa\u00eds. A la magnitud del ajuste. Es lo que ocurri\u00f3 en la reuni\u00f3n de gabinete de ayer, que fue m\u00e1s especulativa que ejecutiva: analizaron escenarios posibles, pero no realidades.&nbsp;<\/p>\n\n\n\n<p>De antemano\u00a0<strong>Cornejo<\/strong>\u00a0&#8220;banca&#8221; el recorte y el plan de ajuste, pero le pide una cosa a\u00a0<strong>Milei<\/strong>: que cumpla lo m\u00ednimo indispensable con la transferencia de recursos; que cumpla con lo obligatorio. Es decir, que el recorte no afecte las transferencias obligatorias y autom\u00e1ticas: coparticipaci\u00f3n, fondos de obras que tienen partidas autom\u00e1ticas y otras remesas que se agregaron por ley. &#8220;Mendoza njo recibi\u00f3 recursos discrecionales. Conque a Mendoza le cumplan los recursos nacionales de ley, como la coparticipaci\u00f3n y sucesivas normas que distribuyen recursos, mientras no se toquen esos recursos, vamos a estar bien. Nos sentimos c\u00f3modos para afrontar esa situaci\u00f3n. Vamos a estar c\u00f3modos, no sobrados&#8221;; asegur\u00f3\u00a0<strong>Cornejo<\/strong>.\u00a0<\/p>\n\n\n\n<h2 class=\"wp-block-heading\">Menos recursos y aumento de costos<\/h2>\n\n\n\n<p>En ese panorama, sin embargo, hay un alerta encendida. Es que existe la idea de prorrogar la pauta de gastos 2023 hacia el 2024, sin actualizaci\u00f3n. Es decir, ejecutar un congelamiento de hecho de los recursos. As\u00ed, las provincias deber\u00edan pagar\u00a0 bienes y servicios m\u00e1s caros, con una caja m\u00e1s chica. &#8220;Hay que tener en cuenta que mientras se recortaron los recursos, nosotros vamos a pagar todo m\u00e1s caro. Nos toca sufrir los aumentos de los costos; desde personal, a los costos de administrar el Estado provincial. Medicamentos, alimentos; todo. Tenemos doble dificultades: nos han cortado los ingresos por lo de ganancias y lo segundo, que ya est\u00e1n aumentando todos los costos&#8221;, relat\u00f3\u00a0<strong>Cornejo<\/strong>, que volver\u00e1 a Buenos Aires hoy.<\/p>\n\n\n\n<p>El Gobernador dijo que acompa\u00f1ar\u00e1n las medidas de &#8220;austeridad fiscal&#8221;, pero fue prudente antes de conocer el detalle.&nbsp;<\/p>\n\n\n\n<p>La preocupaci\u00f3n de los gobernadores es por los recursos. Por eso todos los gobernadores firmar\u00e1n una misma nota para pedirle al presidente Javier Milei que se coparticipe el impuesto al cheque, con la idea de compensar a las provincias por el recorte de la coparticipaci\u00f3n que sufrieron por los cambios en el Impuesto a las Ganancias.&nbsp;&nbsp;&#8220;Le estamos mandando una nota al Presidente para que coparticipe el Impuesto al Cheque, para reparar el desastre que se hizo con la eliminaci\u00f3n de ganancias en el gobierno anterior&#8221;, adelant\u00f3 el Gobernador. En realidad ese cambio, que redujo la cantidad de personas que pagan ganancias y, as\u00ed, la recaudaci\u00f3n, fue ratificado por ley y Milei fue uno de los que lo apoy\u00f3. Mendoza recurri\u00f3 a la justicia para reclamar, igual que otras provincias.&nbsp;<\/p>\n\n\n\n<p>La intenci\u00f3n de todos los gobernadores es actuar en t\u00e1ndem, a sabiendas que Milei tambi\u00e9n los necesitar\u00e1. Es que el libertario no tiene poder en el Congreso y depende de acuerdos para poder sancionar leyes. El paquete de reformas y ajuste que enviar\u00e1 al Congreso ser\u00e1 el primer test. All\u00ed es donde los gobernadores esperan que se incluya un &#8220;gesto&#8221; para las provincias y coparticipe ese gravamen.&nbsp;<\/p>\n\n\n\n<p>IVA Gananacias, cheque FONin fonavi,\u00a0<\/p>\n\n\n\n<p>FUENTE: MDZonline.<\/p>\n","protected":false},"excerpt":{"rendered":"<p>Alfredo Cornejo apoya que haya un &#8220;plan de austeridad&#8221;. Pero pidi\u00f3 que al menos se cumpla con las transferencias obligatorias. Temor por el impacto del aumento de insumos y el recorte de recursos. El gobierno de&nbsp;Alfredo&nbsp;Cornejo&nbsp;a\u00fan no toma ninguna decisi\u00f3n ejecutiva. Ni cambios, ni continuidades. No hay Decretos, ni Resoluciones firmados por las pocas nuevas [&hellip;]<\/p>\n","protected":false},"author":2,"featured_media":3713,"comment_status":"open","ping_status":"open","sticky":true,"template":"","format":"standard","meta":[],"categories":[47],"tags":[],"_links":{"self":[{"href":"https:\/\/pasaenmendoza.com\/index.php?rest_route=\/wp\/v2\/posts\/3707"}],"collection":[{"href":"https:\/\/pasaenmendoza.com\/index.php?rest_route=\/wp\/v2\/posts"}],"about":[{"href":"https:\/\/pasaenmendoza.com\/index.php?rest_route=\/wp\/v2\/types\/post"}],"author":[{"embeddable":true,"href":"https:\/\/pasaenmendoza.com\/index.php?rest_route=\/wp\/v2\/users\/2"}],"replies":[{"embeddable":true,"href":"https:\/\/pasaenmendoza.com\/index.php?rest_route=%2Fwp%2Fv2%2Fcomments&post=3707"}],"version-history":[{"count":1,"href":"https:\/\/pasaenmendoza.com\/index.php?rest_route=\/wp\/v2\/posts\/3707\/revisions"}],"predecessor-version":[{"id":3714,"href":"https:\/\/pasaenmendoza.com\/index.php?rest_route=\/wp\/v2\/posts\/3707\/revisions\/3714"}],"wp:featuredmedia":[{"embeddable":true,"href":"https:\/\/pasaenmendoza.com\/index.php?rest_route=\/wp\/v2\/media\/3713"}],"wp:attachment":[{"href":"https:\/\/pasaenmendoza.com\/index.php?rest_route=%2Fwp%2Fv2%2Fmedia&parent=3707"}],"wp:term":[{"taxonomy":"category","embeddable":true,"href":"https:\/\/pasaenmendoza.com\/index.php?rest_route=%2Fwp%2Fv2%2Fcategories&post=3707"},{"taxonomy":"post_tag","embeddable":true,"href":"https:\/\/pasaenmendoza.com\/index.php?rest_route=%2Fwp%2Fv2%2Ftags&post=3707"}],"curies":[{"name":"wp","href":"https:\/\/api.w.org\/{rel}","templated":true}]}}