{"id":3710,"date":"2023-12-12T14:11:42","date_gmt":"2023-12-12T13:11:42","guid":{"rendered":"https:\/\/pasaenmendoza.com\/?p=3710"},"modified":"2023-12-12T14:11:43","modified_gmt":"2023-12-12T13:11:43","slug":"talleres-de-rto-temor-a-un-colapso-por-las-nuevas-medidas-y-la-suba-de-precio","status":"publish","type":"post","link":"https:\/\/pasaenmendoza.com\/?p=3710","title":{"rendered":"Talleres de RTO: temor a un colapso por las nuevas medidas y la suba de precio"},"content":{"rendered":"\n<p>La cercan\u00eda a las vacaciones de verano sumado\u00a0a los fuertes incrementos y los requerimientos de las aseguradoras hicieron que los talleres habilitados para realizar la\u00a0<strong>Revisi\u00f3n t\u00e9cnica Obligatoria (RTO)<\/strong>\u00a0comenzaran a colapsar en Mendoza. Las largas filas de autos se replican\u00a0en algunos de los talleres habilitados.<\/p>\n\n\n\n<p>Desde el mes de enero se percibir\u00e1n\u00a0aumentos\u00a0en el tr\u00e1mite para realizar la\u00a0<strong>RTO<\/strong>\u00a0sumado a que, los veh\u00edculos que no tengan la oblea\u00a0no podr\u00e1n contar con un seguro, seg\u00fan anunciaron d\u00edas atr\u00e1s\u00a0desde la C\u00e1mara de RTO de Cuyo. Dicha situaci\u00f3n motiv\u00f3 a los conductores a acudir de manera espont\u00e1nea o a trav\u00e9s de\u00a0turnos\u00a0a los talleres de revisi\u00f3n t\u00e9cnica para realizar el tr\u00e1mite.<\/p>\n\n\n\n<p>&#8220;Notamos un aumento en la demanda debido a la noticia de la cobertura de los seguros. Muchos clientes se acercan motivados por la incertidumbre respecto a la cobertura de la p\u00f3liza de seguros de su veh\u00edculo&#8221;, destac\u00f3 uno de los due\u00f1os de los talleres habilitados.<\/p>\n\n\n\n<p>En la misma sinton\u00eda, el\u00a0presidente de la C\u00e1mara de Verificadores de Automotores de Mendoza, Federico Do\u00f1a expres\u00f3: &#8220;El aumento de la demanda es por tres motivos:\u00a0estamos en la etapa de que la gente se preparara para las vacaciones, por la resoluci\u00f3n que sac\u00f3 la superintendencia de seguros y por el supuesto aumento de precios que habr\u00eda. El porcentaje del 136% que dijeron en algunos medios no es real ya que todav\u00eda no est\u00e1 definido cu\u00e1ntas UF costar\u00e1 hacer una RTO&#8221;.<\/p>\n\n\n\n<p>Al igual que a\u00f1os anteriores, los talleres de&nbsp;<strong>RTO<\/strong>&nbsp;comenzaron a colapsar&nbsp;con la llegada del verano ya que si bien los controles policiales en Mendoza no son estrictos en cuanto al pedido del certificado, en el ingreso a otras provincias si lo piden y es vital para aquellos que viajan ya que si no se cuenta con la oblea podr\u00edan sufrir multas a la hora de circular en otros lugares del pa\u00eds. A esa situaci\u00f3n se suma la resoluci\u00f3n de la Superintendencia de Seguros, a trav\u00e9s de la cual se exige dicho tr\u00e1mite a la hora de contratar o renovar&nbsp;una p\u00f3liza.<\/p>\n\n\n\n<h2 class=\"wp-block-heading\">Qu\u00e9 suceder\u00e1 con los autos que no tengan RTO<\/h2>\n\n\n\n<p>La Superintendencia de Seguros de la Naci\u00f3n, a trav\u00e9s del art\u00edculo 3 de&nbsp;la resoluci\u00f3n&nbsp;534\/2023 publicada en el Bolet\u00edn Oficial expresa que, a partir del 17 de enero de 2024 las entidades&nbsp;aseguradoras&nbsp;&#8220;deber\u00e1n exigir el cumplimiento de la revisi\u00f3n t\u00e9cnica obligatoria o que el veh\u00edculo est\u00e9 en condiciones reglamentarias de seguridad si aquella no se ha realizado en el a\u00f1o previo&#8221;.<\/p>\n\n\n\n<figure class=\"wp-block-image\"><img decoding=\"async\" src=\"https:\/\/www.mdzol.com\/u\/fotografias\/m\/2023\/12\/11\/f768x1-1520889_1521016_26.png\" alt=\"\"\/><figcaption class=\"wp-element-caption\">La oblea debe permanecer en el parabrisas del veh\u00edculo<\/figcaption><\/figure>\n\n\n\n<p>Dicha medida&nbsp;en torno a la cobertura de los seguros en caso de autos que carezcan o tengan vencida la&nbsp;<strong>RTO,<\/strong>&nbsp;gener\u00f3 malestar e incertidumbre ya que no se sabe a ciencia cierta qu\u00e9 suceder\u00e1 en caso de accidente con los veh\u00edculos que no cumplan con ese requerimiento.<\/p>\n\n\n\n<p>Seg\u00fan explicaron a&nbsp;<em>MDZ<\/em>&nbsp;algunos productores de seguros,&nbsp;&#8220;la aseguradora deber\u00e1 adaptarse a la ley provincial&#8221;, por ende, a un auto 0km no se le pedir\u00e1 la&nbsp;<strong>RTO<\/strong>&nbsp;hasta los 3 a\u00f1os a la hora de contratar un seguro y lo mismo suceder\u00e1 con aquellos que tienen que hacerla cada dos a\u00f1os, por lo que se tendr\u00e1 en cuenta esa modificaci\u00f3n en la ley de tr\u00e1nsito mendocina para renovar o contratar una p\u00f3liza en un veh\u00edculo.<\/p>\n\n\n\n<p>Desde la C\u00e1mara de RTO de Cuyo destacaron que, circular con un veh\u00edculo que no ha pasado la&nbsp;<strong>RTO<\/strong>&nbsp;puede tener diversas consecuencias, entre las que se incluyen las multas econ\u00f3micas, retenci\u00f3n del veh\u00edculo, p\u00e9rdida de cobertura de seguro (algunas aseguradoras pueden negarse a cubrir los da\u00f1os ocasionados en un siniestro si el veh\u00edculo no cuenta con la RTO vigente), y responsabilidad civil (en caso de un accidente, el conductor del veh\u00edculo sin RTO podr\u00eda ser considerado responsable por no haber cumplido con las normas de seguridad vial).<\/p>\n\n\n\n<h2 class=\"wp-block-heading\">Costo del tr\u00e1mite<\/h2>\n\n\n\n<p>En la provincia de Mendoza los valores de la&nbsp;<strong>Revisi\u00f3n T\u00e9cnica Obligatoria (RTO)<\/strong>&nbsp;son similares a las multas que perciben los infractores que no cuentan con la oblea, sin embargo, a partir de enero se producir\u00e1 un aumento que a\u00fan no est\u00e1 definido pero podr\u00eda ser cercano al 100%.&nbsp;<\/p>\n\n\n\n<p>A continuaci\u00f3n est\u00e1n los valores que rigen hasta fines de diciembre de este a\u00f1o.<\/p>\n\n\n\n<ul>\n<li>Motos hasta 300cc: $3.725(monto con IVA incluido)<\/li>\n\n\n\n<li>Motos mas de 300cc: $6.870 (monto con IVA incluido)<\/li>\n\n\n\n<li>Auto: $9.800<\/li>\n\n\n\n<li>Camioneta: $11.042<\/li>\n\n\n\n<li>Camiones: $13.721<\/li>\n<\/ul>\n\n\n\n<h2 class=\"wp-block-heading\">Documentaci\u00f3n necesaria para la RTO en Mendoza<\/h2>\n\n\n\n<p>Al presentarse en la planta de revisi\u00f3n t\u00e9cnica con tu veh\u00edculo, deber\u00e1s llevar la siguiente documentaci\u00f3n:<\/p>\n\n\n\n<ul>\n<li>Licencia de conducir vigente.<\/li>\n\n\n\n<li>C\u00e9dula verde del veh\u00edculo (si eres el titular) o c\u00e9dula azul (si no eres el titular).<\/li>\n\n\n\n<li>Comprobante de seguro vigente.<\/li>\n\n\n\n<li>\u00daltimo comprobante de pago de patente.<\/li>\n\n\n\n<li>Comprobante de turno impreso o digital.<\/li>\n<\/ul>\n\n\n\n<p><strong>Fuente: www.mdzol.com<\/strong><\/p>\n","protected":false},"excerpt":{"rendered":"<p>La cercan\u00eda a las vacaciones de verano sumado\u00a0a los fuertes incrementos y los requerimientos de las aseguradoras hicieron que los talleres habilitados para realizar la\u00a0Revisi\u00f3n t\u00e9cnica Obligatoria (RTO)\u00a0comenzaran a colapsar en Mendoza. Las largas filas de autos se replican\u00a0en algunos de los talleres habilitados. Desde el mes de enero se percibir\u00e1n\u00a0aumentos\u00a0en el tr\u00e1mite para realizar [&hellip;]<\/p>\n","protected":false},"author":2,"featured_media":3720,"comment_status":"open","ping_status":"open","sticky":false,"template":"","format":"standard","meta":[],"categories":[86],"tags":[],"_links":{"self":[{"href":"https:\/\/pasaenmendoza.com\/index.php?rest_route=\/wp\/v2\/posts\/3710"}],"collection":[{"href":"https:\/\/pasaenmendoza.com\/index.php?rest_route=\/wp\/v2\/posts"}],"about":[{"href":"https:\/\/pasaenmendoza.com\/index.php?rest_route=\/wp\/v2\/types\/post"}],"author":[{"embeddable":true,"href":"https:\/\/pasaenmendoza.com\/index.php?rest_route=\/wp\/v2\/users\/2"}],"replies":[{"embeddable":true,"href":"https:\/\/pasaenmendoza.com\/index.php?rest_route=%2Fwp%2Fv2%2Fcomments&post=3710"}],"version-history":[{"count":2,"href":"https:\/\/pasaenmendoza.com\/index.php?rest_route=\/wp\/v2\/posts\/3710\/revisions"}],"predecessor-version":[{"id":3723,"href":"https:\/\/pasaenmendoza.com\/index.php?rest_route=\/wp\/v2\/posts\/3710\/revisions\/3723"}],"wp:featuredmedia":[{"embeddable":true,"href":"https:\/\/pasaenmendoza.com\/index.php?rest_route=\/wp\/v2\/media\/3720"}],"wp:attachment":[{"href":"https:\/\/pasaenmendoza.com\/index.php?rest_route=%2Fwp%2Fv2%2Fmedia&parent=3710"}],"wp:term":[{"taxonomy":"category","embeddable":true,"href":"https:\/\/pasaenmendoza.com\/index.php?rest_route=%2Fwp%2Fv2%2Fcategories&post=3710"},{"taxonomy":"post_tag","embeddable":true,"href":"https:\/\/pasaenmendoza.com\/index.php?rest_route=%2Fwp%2Fv2%2Ftags&post=3710"}],"curies":[{"name":"wp","href":"https:\/\/api.w.org\/{rel}","templated":true}]}}