{"id":3715,"date":"2023-12-12T14:09:25","date_gmt":"2023-12-12T13:09:25","guid":{"rendered":"https:\/\/pasaenmendoza.com\/?p=3715"},"modified":"2023-12-12T14:09:27","modified_gmt":"2023-12-12T13:09:27","slug":"la-union-mendocina-se-desarma-otro-partido-pega-el-portazo","status":"publish","type":"post","link":"https:\/\/pasaenmendoza.com\/?p=3715","title":{"rendered":"La Uni\u00f3n Mendocina se desarma: otro partido pega el portazo"},"content":{"rendered":"\n<p>Como lo hizo el viernes feriado en un congreso del partido Libertario, una pata fundamental de la La Uni\u00f3n Mendocina, el frente que sali\u00f3 segundo en la provincia, podr\u00eda alejarse. Las se\u00f1ales.<\/p>\n\n\n\n<p>El viernes feriado, el\u00a0<strong>Partido Libertario<\/strong>\u00a0anunci\u00f3 que por decisi\u00f3n de un Congreso partidario\u00a0dejar\u00eda\u00a0de pertenecer a\u00a0<strong>La Uni\u00f3n Mendocina,<\/strong>\u00a0el frente electoral que qued\u00f3 segundo en las elecciones en la provincia. Ahora, todas las miradas est\u00e1n puestas en el\u00a0<strong>Partido Dem\u00f3crata<\/strong>, el centenario partido que fue uno de los fundadores de esta alianza pero que priorizar\u00eda pertenecer a La Libertad Avanza, la coalici\u00f3n del presidente Javier Milei y correrse de\u00a0<strong>LAUM<\/strong>.<\/p>\n\n\n\n<p>El presidente del PD,\u00a0el senador\u00a0provincial Armando Magistretti, expres\u00f3 que: &#8220;El\u00a0<strong>Partido Libertario\u00a0<\/strong>lo decidi\u00f3\u00a0en su congreso. Nosotros no hemos tenido ninguna reuni\u00f3n de \u00f3rganos partidarios en ese sentido&#8221;. De todas maneras, este martes 12 cuando se escojan las autoridades del Senado provincial y se oficialicen los bloques, todo apuntar\u00eda que Magistretti no ser\u00eda parte del interbloque de<strong>\u00a0La Uni\u00f3n Mendocina\u00a0<\/strong>(que conformar\u00edan como en Diputados legisladores de diferentes fuerzas que integran\u00a0<strong>LAUM\u00a0<\/strong>como el peronista Ariel Pringles, los dirigentes del PRO cercanos al excandidato a gobernador Omar De Marchi como Gabriel Pardines o la dirigente de Compromiso Popular Flavia Manoni, entre otros) sino que har\u00eda un monobloque.\u00a0<\/p>\n\n\n\n<p>Lo que se rumorea en los pasillos legislativos y tambi\u00e9n dentro de\u00a0<strong>LAUM\u00a0<\/strong>que el monobloque que formar\u00eda Magistretti\u00a0ser\u00eda\u00a0<strong>PD<\/strong>-La Libertad Avanza. Ya hay un antecedente muy cercano de esta situaci\u00f3n: en Godoy Cruz, el flamante concejal<strong>\u00a0Jorge Quiroga\u00a0<\/strong>tiene su propio bloque con ese nombre. El hombre, libertario puro, que responde al exedil dem\u00f3crata y excandidato a intendente Marcos S\u00e1nchez (un dirigente de Milei de la primera hora) debuta en la pol\u00edtica con este cargo y ese nombre de bancada.<\/p>\n\n\n\n<p>La decisi\u00f3n que deber\u00e1\u00a0tomar una convenci\u00f3n dem\u00f3crata sobre la continuidad o no de\u00a0<strong>PD<\/strong>\u00a0dentro de\u00a0<strong>La Uni\u00f3n Mendocina<\/strong>, est\u00e1 adem\u00e1s vinculada\u00a0a que el frente por el que compiti\u00f3 De Marchi es opositor a la gesti\u00f3n del actual gobernador Alfredo Cornejo. Si el\u00a0centenario partido deja\u00a0<strong>LAUM<\/strong>\u00a0podr\u00e1 tomar sus propias decisiones respecto de la Provincia, teniendo en cuenta que el primer mandatario mendocino ha tenido gestos de respaldo a Milei y adem\u00e1s, el presidente necesitar\u00e1 de los votos de la mayor cantidad de bloques en el Congreso para la aprobaci\u00f3n de sus pr\u00f3ximas leyes porque no tiene la cantidad suficiente de legisladores propios para avalarlas.\u00a0<\/p>\n\n\n\n<p>Por otro lado, la semana pasada, el dem\u00f3crata Carlos Balter impuso al frente del Instituto Nacional de la Vitivinicultura a Carlos Tizio, un hombre de su ri\u00f1\u00f3n. De Marchi, en cambio, prefer\u00eda al exintendente de Luj\u00e1n de Cuyo, su sobrino Sebasti\u00e1n Bragagnolo. Esa puja habr\u00eda generado rispideces entre ambos dirigentes.<\/p>\n\n\n\n<p>En los pr\u00f3ximos d\u00edas se sabr\u00e1 qu\u00e9 decisi\u00f3n institucional finalmente elige el\u00a0<strong>PD\u00a0<\/strong>mientras ya empez\u00f3 a transcurrir el gobierno de Milei, a quien los dem\u00f3cratas apoyan de hace m\u00e1s de dos a\u00f1os. De hecho, fue el propio Balter quien impuls\u00f3 que el partido nacional le prestara la estructura pol\u00edtica.\u00a0<\/p>\n\n\n\n<p>FUENTE: MDZonline.<\/p>\n","protected":false},"excerpt":{"rendered":"<p>Como lo hizo el viernes feriado en un congreso del partido Libertario, una pata fundamental de la La Uni\u00f3n Mendocina, el frente que sali\u00f3 segundo en la provincia, podr\u00eda alejarse. Las se\u00f1ales. El viernes feriado, el\u00a0Partido Libertario\u00a0anunci\u00f3 que por decisi\u00f3n de un Congreso partidario\u00a0dejar\u00eda\u00a0de pertenecer a\u00a0La Uni\u00f3n Mendocina,\u00a0el frente electoral que qued\u00f3 segundo en las [&hellip;]<\/p>\n","protected":false},"author":2,"featured_media":3718,"comment_status":"open","ping_status":"open","sticky":true,"template":"","format":"standard","meta":[],"categories":[47],"tags":[],"_links":{"self":[{"href":"https:\/\/pasaenmendoza.com\/index.php?rest_route=\/wp\/v2\/posts\/3715"}],"collection":[{"href":"https:\/\/pasaenmendoza.com\/index.php?rest_route=\/wp\/v2\/posts"}],"about":[{"href":"https:\/\/pasaenmendoza.com\/index.php?rest_route=\/wp\/v2\/types\/post"}],"author":[{"embeddable":true,"href":"https:\/\/pasaenmendoza.com\/index.php?rest_route=\/wp\/v2\/users\/2"}],"replies":[{"embeddable":true,"href":"https:\/\/pasaenmendoza.com\/index.php?rest_route=%2Fwp%2Fv2%2Fcomments&post=3715"}],"version-history":[{"count":1,"href":"https:\/\/pasaenmendoza.com\/index.php?rest_route=\/wp\/v2\/posts\/3715\/revisions"}],"predecessor-version":[{"id":3719,"href":"https:\/\/pasaenmendoza.com\/index.php?rest_route=\/wp\/v2\/posts\/3715\/revisions\/3719"}],"wp:featuredmedia":[{"embeddable":true,"href":"https:\/\/pasaenmendoza.com\/index.php?rest_route=\/wp\/v2\/media\/3718"}],"wp:attachment":[{"href":"https:\/\/pasaenmendoza.com\/index.php?rest_route=%2Fwp%2Fv2%2Fmedia&parent=3715"}],"wp:term":[{"taxonomy":"category","embeddable":true,"href":"https:\/\/pasaenmendoza.com\/index.php?rest_route=%2Fwp%2Fv2%2Fcategories&post=3715"},{"taxonomy":"post_tag","embeddable":true,"href":"https:\/\/pasaenmendoza.com\/index.php?rest_route=%2Fwp%2Fv2%2Ftags&post=3715"}],"curies":[{"name":"wp","href":"https:\/\/api.w.org\/{rel}","templated":true}]}}