{"id":3716,"date":"2023-12-12T14:12:26","date_gmt":"2023-12-12T13:12:26","guid":{"rendered":"https:\/\/pasaenmendoza.com\/?p=3716"},"modified":"2023-12-12T14:12:27","modified_gmt":"2023-12-12T13:12:27","slug":"el-caso-de-la-mujer-hallada-en-un-canal-de-riego-se-investiga-como-femicidio","status":"publish","type":"post","link":"https:\/\/pasaenmendoza.com\/?p=3716","title":{"rendered":"El caso de la mujer hallada en un canal de riego se investiga como femicidio"},"content":{"rendered":"\n<p>El caso de&nbsp;<strong>Marlene Quiroga<\/strong>, la mujer de&nbsp;<strong>30 a\u00f1os<\/strong>&nbsp;que fue encontrada sin vida la semana pasada en un canal de riego de<strong>&nbsp;San Carlos<\/strong>, se investiga como femicidio.&nbsp;<mark>El fiscal de la causa,&nbsp;<strong>Facundo Garnica<\/strong>, imput\u00f3 al novio de la v\u00edctima y a su hermano por homicidio agravado por mediar violencia de g\u00e9nero<\/mark>&nbsp;y se analiza si se acusar\u00e1 por el v\u00ednculo. El cad\u00e1ver presentaba varios golpes previos a la muerte, descartando la hip\u00f3tesis inicial que se inclinaba por un accidente fatal. Con este hecho, son&nbsp;<strong>siete las mujeres asesinadas en Mendoza<\/strong>&nbsp;durante este a\u00f1o.&nbsp;<\/p>\n\n\n\n<p>La teor\u00eda sostiene que a Quiroga la mataron a golpes. Durante la necropsia,\u00a0<mark>hallaron restos de piel bajo sus u\u00f1as<\/mark>\u00a0(lo que evidenci\u00f3 que se defendi\u00f3 de alg\u00fan tipo de ataque) y\u00a0<mark>realizar\u00e1 un cotejo con el perfil gen\u00e9tico de los sospechosos\u00a0<\/mark>para determinar si resulta positivo con alguno de ellos.\u00a0<\/p>\n\n\n\n<p>La mujer era oriunda de la ciudad de\u00a0<strong>Pichanal, Salta<\/strong>. Se trataba de una trabajadora golondrina, madre de tres hijos, que dej\u00f3 de ser vista cuando se dirig\u00eda a realizar una compra.<\/p>\n\n\n\n<p><strong>El d\u00eda que descubrieron su cuerpo\u00a0<\/strong><\/p>\n\n\n\n<p>Un hombre que se encontraba regando en la&nbsp;<strong>finca More<\/strong>, ubicada en la calle&nbsp;<strong>Libertad<\/strong>&nbsp;y&nbsp;<strong>Callej\u00f3n Las Coloradas<\/strong>, el lunes 4 de diciembre, not\u00f3 que se redujo el caudal de uno de los canales. Cuando se aproxim\u00f3 a la compuerta, observ\u00f3 un bulto con basura alrededor, por lo que pens\u00f3 que se trataba de un animal, indic\u00f3.<\/p>\n\n\n\n<p>Acto seguido, cont\u00f3 que sac\u00f3 los residuos que hab\u00eda encima y determin\u00f3 que se trataba de una mujer.&nbsp;Con el paso de las horas y el resultado del informe forense en su despacho, el fiscal Garnica avanz\u00f3 con detenciones, imputaciones y una serie de peritajes.<\/p>\n\n\n\n<p>Una vez que se conozca el resultado de la comparaci\u00f3n gen\u00e9tica, la situaci\u00f3n procesal de los dos sospechosos podr\u00eda complicarse o, en su defecto, direccionarse hacia su beneficio.<\/p>\n\n\n\n<p><strong>El tr\u00e1gico destino de m\u00e1s mujeres<\/strong><\/p>\n\n\n\n<p>La primera v\u00edctima del a\u00f1o fue\u00a0<mark><strong>Jesica Olgu\u00edn<\/strong>, de\u00a0<strong>33 a\u00f1os<\/strong>, estrangulada y asesinada el\u00a0<strong>23 de\u00a0enero<\/strong>\u00a0en su casa de\u00a0<strong>Las Heras<\/strong>.<\/mark>\u00a0Su ex pareja y padre de sus dos hijos,\u00a0<strong>Juan Manuel Tarres R\u00edos<\/strong>\u00a0(47), fue imputado por femicidio y deber\u00e1 enfrentar un jurado popular. Ese proceso estaba previsto para que comenzara la semana pasada pero se suspendi\u00f3 porque el acusado cambi\u00f3 de representante legal.<\/p>\n\n\n\n<p>A menos de un mes, el 13 de febrero,<mark>\u00a0<strong>Yoo Kyunga<\/strong>, de<strong>\u00a049 a\u00f1os<\/strong>, fue asesinada\u00a0en una finca de\u00a0<strong>San Mart\u00edn<\/strong>.<\/mark>\u00a0La mujer surcoreana hab\u00eda decidido cortar la relaci\u00f3n con su pareja de la misma nacionalidad,<strong>\u00a0Seong Jin Kim\u00a0 (65)<\/strong>, quien no acept\u00f3 esa decisi\u00f3n y la estrangul\u00f3 hasta matarla.<\/p>\n\n\n\n<p>Otro femicidio tambi\u00e9n tuvo lugar en el Este provincial al poco tiempo.<mark>\u00a0<strong>Rosa Alfaro<\/strong>, de\u00a0<strong>53 a\u00f1os<\/strong>, muri\u00f3 el\u00a0<strong>26 de mayo<\/strong>\u00a0en su casa de<strong>\u00a0Montecaseros<\/strong>,\u00a0<strong>San Mart\u00edn<\/strong>, tras recibir un balazo en el coraz\u00f3n<\/mark>. Su esposo\u00a0<strong>Gustavo Repetto<\/strong>, con quien llevaba 32 a\u00f1os de matrimonio, fue imputado a la pena m\u00e1xima luego de obtener el resultado del barrido electr\u00f3nico de p\u00f3lvora, que ubic\u00f3 en situaci\u00f3n de tirador al acusado.<\/p>\n\n\n\n<p>A los cinco d\u00edas,\u00a0<mark><strong>Ivana Molina<\/strong>, de\u00a0<strong>39 a\u00f1os<\/strong>, fue vista con vida por \u00faltima vez el<strong>\u00a01 de abril<\/strong>\u00a0en el barrio\u00a0<strong>Las Rosas<\/strong><\/mark>, de\u00a0<strong>Ciudad<\/strong>. Su pareja,<strong>\u00a0Carlos D\u00edaz<\/strong>\u00a0(64) fue la \u00faltima persona que la vio con vida. Hab\u00eda escapado a Buenos Aires y all\u00ed, la\u00a0<strong>Polic\u00eda Federal Argentina<\/strong>\u00a0(<strong>PFA<\/strong>) lo captur\u00f3 y lo traslad\u00f3 a Mendoza para ser imputado por el femicidio de la mujer.<\/p>\n\n\n\n<p>Hace seis d\u00edas,<mark>\u00a0<strong>Vanina Gabriela Videla<\/strong>, de\u00a0<strong>33 a\u00f1os<\/strong>, muri\u00f3 apu\u00f1alada por su ex pareja\u00a0<\/mark>cuando llegaba a su casa del barrio\u00a0<strong>El Carmen<\/strong>,<strong>\u00a0Guaymall\u00e9n<\/strong>.\u00a0<strong>Esteban Fernando Rodriguez<\/strong>\u00a0(31) la amenaz\u00f3 durante toda la jornada, expres\u00f3 la v\u00edctima antes de fallecer.<\/p>\n\n\n\n<p>Casi 72 horas despu\u00e9s,<mark><strong>&nbsp;Mal\u00e9n Ledesma<\/strong>, de<em>&nbsp;<\/em><strong>24 a\u00f1os<\/strong>, fue pr\u00e1cticamente degollada por su pareja<\/mark>, identificado como&nbsp;<strong>Iv\u00e1n Gabriel Ju\u00e1rez<\/strong>&nbsp;(24), cuando volv\u00edan de haber pasado la tarde juntos.<\/p>\n\n\n\n<p>El femicidio ocurri\u00f3 cuando el joven se baj\u00f3 de la camioneta Toyota Hilux en la que circulaban a orinar. Al subirse, atac\u00f3 a Ledesma y de una patada, la sac\u00f3 del veh\u00edculo. Protagoniz\u00f3 una intensa huida mientras era perseguido por<strong>\u00a0Blanco Encalada<\/strong>,\u00a0<strong>Luj\u00e1n de Cuyo<\/strong>, pero finalmente fue atrapado.<\/p>\n\n\n\n<p><strong>Fuente: www.elsol.com.ar<\/strong><\/p>\n","protected":false},"excerpt":{"rendered":"<p>El caso de&nbsp;Marlene Quiroga, la mujer de&nbsp;30 a\u00f1os&nbsp;que fue encontrada sin vida la semana pasada en un canal de riego de&nbsp;San Carlos, se investiga como femicidio.&nbsp;El fiscal de la causa,&nbsp;Facundo Garnica, imput\u00f3 al novio de la v\u00edctima y a su hermano por homicidio agravado por mediar violencia de g\u00e9nero&nbsp;y se analiza si se acusar\u00e1 por [&hellip;]<\/p>\n","protected":false},"author":2,"featured_media":3722,"comment_status":"open","ping_status":"open","sticky":false,"template":"","format":"standard","meta":[],"categories":[48],"tags":[],"_links":{"self":[{"href":"https:\/\/pasaenmendoza.com\/index.php?rest_route=\/wp\/v2\/posts\/3716"}],"collection":[{"href":"https:\/\/pasaenmendoza.com\/index.php?rest_route=\/wp\/v2\/posts"}],"about":[{"href":"https:\/\/pasaenmendoza.com\/index.php?rest_route=\/wp\/v2\/types\/post"}],"author":[{"embeddable":true,"href":"https:\/\/pasaenmendoza.com\/index.php?rest_route=\/wp\/v2\/users\/2"}],"replies":[{"embeddable":true,"href":"https:\/\/pasaenmendoza.com\/index.php?rest_route=%2Fwp%2Fv2%2Fcomments&post=3716"}],"version-history":[{"count":1,"href":"https:\/\/pasaenmendoza.com\/index.php?rest_route=\/wp\/v2\/posts\/3716\/revisions"}],"predecessor-version":[{"id":3724,"href":"https:\/\/pasaenmendoza.com\/index.php?rest_route=\/wp\/v2\/posts\/3716\/revisions\/3724"}],"wp:featuredmedia":[{"embeddable":true,"href":"https:\/\/pasaenmendoza.com\/index.php?rest_route=\/wp\/v2\/media\/3722"}],"wp:attachment":[{"href":"https:\/\/pasaenmendoza.com\/index.php?rest_route=%2Fwp%2Fv2%2Fmedia&parent=3716"}],"wp:term":[{"taxonomy":"category","embeddable":true,"href":"https:\/\/pasaenmendoza.com\/index.php?rest_route=%2Fwp%2Fv2%2Fcategories&post=3716"},{"taxonomy":"post_tag","embeddable":true,"href":"https:\/\/pasaenmendoza.com\/index.php?rest_route=%2Fwp%2Fv2%2Ftags&post=3716"}],"curies":[{"name":"wp","href":"https:\/\/api.w.org\/{rel}","templated":true}]}}