{"id":3721,"date":"2023-12-12T14:16:46","date_gmt":"2023-12-12T13:16:46","guid":{"rendered":"https:\/\/pasaenmendoza.com\/?p=3721"},"modified":"2023-12-12T14:16:47","modified_gmt":"2023-12-12T13:16:47","slug":"cornejo-la-mira-posada-en-salud-seguridad-y-educacion","status":"publish","type":"post","link":"https:\/\/pasaenmendoza.com\/?p=3721","title":{"rendered":"Cornejo: La mira posada en Salud, Seguridad y Educaci\u00f3n"},"content":{"rendered":"\n<p><strong>Salud<\/strong>,&nbsp;<strong>Seguridad<\/strong>&nbsp;y&nbsp;<strong>Educaci\u00f3n<\/strong>&nbsp;son las \u00e1reas que m\u00e1s preocupan al gobernador&nbsp;<strong>Alfredo Cornejo&nbsp;<\/strong>y al gabinete que se reuni\u00f3 este lunes, en el primer d\u00eda de gesti\u00f3n de la nueva era, tanto la de la provincia como la de la Naci\u00f3n con<strong>&nbsp;Javier Milei<\/strong>.<\/p>\n\n\n\n<p>Y estos aspectos preocupan y est\u00e1n bajo la mirada fina de una lupa, no s\u00f3lo por la sensibilidad y el alto impacto m\u00e1s la repercusi\u00f3n que tienen en la sociedad; sino, por sobre todo, porque los posibles cambios en la administraci\u00f3n de los recursos y en la distribuci\u00f3n federal de los mismos que podr\u00eda ordenar la presidencia de Milei modificar\u00edan el funcionamiento que se ha previsto.<\/p>\n\n\n\n<p>Eso ocurrir\u00eda sencillamente porque el presupuesto provincial que fue aprobado pocas horas despu\u00e9s del triunfo electoral de Cornejo fue elaborado incluyendo el c\u00e1lculo de ese dinero.\u00a0<mark>Cornejo ha pedido a sus colaboradores, y expresamente, una especial atenci\u00f3n a las consecuencias que tendr\u00edan las nuevas medidas nacionales<\/mark>\u00a0\u2013las que conocer\u00edan hoy\u2013 en la prestaci\u00f3n de estos servicios b\u00e1sicos que se hace en Mendoza de aqu\u00ed en adelante. En buen romance, se trata de una situaci\u00f3n expectante e incierta:\u00a0<mark>si la motosierra de Milei se activa sobre las partidas provinciales, como lo ha dicho, y no s\u00f3lo sobre las denominadas discrecionales, se estar\u00eda abriendo un frente de turbulencia<\/mark>, perturbador, y m\u00e1s all\u00e1 de los reclamos que pudieran activarse, obligar\u00eda a rearmar el plan que se tiene para el 2024.<\/p>\n\n\n\n<p>La posible poda a estos recursos, que no son los que discrecionalmente suele enviar la Naci\u00f3n a las provincias con las que tiene m\u00e1s afinidad y entre los que se encuentran los adelantos del tesoro nacional (ATN), parecieron copar la atenci\u00f3n de Cornejo en la primera reuni\u00f3n del gabinete que conform\u00f3 y que se llev\u00f3 a cabo en la ma\u00f1ana de este lunes en la Casa de Gobierno. Los fondos fueron creados por ley, y quiz\u00e1s el m\u00e1s famoso de todos sea el del incentivo docente, que se liquida mensualmente a todas las provincias, destinado a los docentes en funci\u00f3n. Para el \u00e1rea de Salud se est\u00e1 siguiendo otro conjunto de partidas que financian, hist\u00f3ricamente, la compra de medicamentos para enfermedades complejas y\/o catastr\u00f3ficas y se siguen otras tantas para el \u00e1rea de Seguridad P\u00fablica.<\/p>\n\n\n\n<p>Se supone que cada uno de los ministros est\u00e1 al tanto y al detalle de los recursos que podr\u00edan ser afectados, pero, en t\u00e9rminos generales y antes de que se conozcan las medidas econ\u00f3micas que&nbsp;<strong>Luis Caputo<\/strong>, el ministro de Econom\u00eda, anunciar\u00eda durante este martes, el primer c\u00e1lculo que ha hecho el equipo de Cornejo es que, desde el vamos, el impacto a la baja podr\u00eda especularse en el orden del 50 por ciento real respecto de este a\u00f1o, siempre y cuando Milei ordene seguir enviando las partidas de forma ordinaria. Esto ser\u00eda as\u00ed porque el nuevo presidente conducir\u00eda el Estado en todo el 2024 reconduciendo el presupuesto del 2023, pero con recursos congelados. De ser eliminados, la situaci\u00f3n por supuesto que empeora para lo que se tiene previsto en la provincia.<\/p>\n\n\n\n<p>Seg\u00fan las fuentes consultadas, Cornejo llev\u00f3 adelante una reuni\u00f3n de caracter\u00edsticas \u201cpragm\u00e1ticas\u201d, como se espera que sea todo, o casi todo, de aqu\u00ed en m\u00e1s, con la era Milei ya lanzada y a medida que se vaya conociendo el rumbo y las especificaciones t\u00e9cnicas del plan. Es lo que se ha planteado como estrategia el gobernador: abordar de forma lo m\u00e1s profesional posible lo que se avecina, alejado de las emociones y los pareceres basados en especulaciones. Fue\u00a0<strong>Natalio Mema<\/strong>, el ministro de Gobierno, Infraestructura y Desarrollo Territorial, el vocero designado para dar detalles de lo ocurrido en el primer encuentro; el encargado en revelar: \u201cUna vez se tenga alg\u00fan panorama concreto sobre el presupuesto nacional y la ley que planean presentar, sobre todo el impacto que van a tener esas medidas, tendremos que analizar si redefinimos nosotros nuestros ingresos y gastos\u201d.<\/p>\n\n\n\n<p>Cornejo entiende que es inminente el encuentro entre el presidente y las provincias, ya fuese de manera individual o colectiva, y otro posterior en el que se tendr\u00e1 con m\u00e1s claridad el panorama a futuro y un conocimiento m\u00e1s acabado de la situaci\u00f3n. Para ese momento, Cornejo quiere llegar con datos puntillosos que pueden afectar a la provincia. Y en la l\u00ednea de lo dicho este s\u00e1bado, tras recibir los atributos del mando en la explanada de la Casa de Gobierno, planificar\u00eda la defensa de los intereses de la provincia con \u201csensatez\u201d y persiguiendo cierto grado de \u201cestabilidad en las reglas de juego y certidumbre\u201d. Seg\u00fan Mema, Cornejo les pidi\u00f3 tener en claro \u201cnuestros temas provinciales y en detalle, espec\u00edficamente en los recursos autom\u00e1ticos que recibe la Provincia, como Coparticipaci\u00f3n y fondos destinados por impuestos puntuales. Sobre eso tenemos que ver qu\u00e9 definen presupuestariamente y respecto de la reforma tributaria, si es que la hay\u201d, confirmando que se trata de recursos \u201cque han sido tenidos en cuenta por nuestro presupuesto y si hubiese cambios en ese sentido repercuten directamente en nuestras partidas\u201d.<\/p>\n\n\n\n<p>FUENTE: elsol.com.ar <\/p>\n","protected":false},"excerpt":{"rendered":"<p>Salud,&nbsp;Seguridad&nbsp;y&nbsp;Educaci\u00f3n&nbsp;son las \u00e1reas que m\u00e1s preocupan al gobernador&nbsp;Alfredo Cornejo&nbsp;y al gabinete que se reuni\u00f3 este lunes, en el primer d\u00eda de gesti\u00f3n de la nueva era, tanto la de la provincia como la de la Naci\u00f3n con&nbsp;Javier Milei. Y estos aspectos preocupan y est\u00e1n bajo la mirada fina de una lupa, no s\u00f3lo por la [&hellip;]<\/p>\n","protected":false},"author":2,"featured_media":3727,"comment_status":"open","ping_status":"open","sticky":true,"template":"","format":"standard","meta":[],"categories":[47],"tags":[],"_links":{"self":[{"href":"https:\/\/pasaenmendoza.com\/index.php?rest_route=\/wp\/v2\/posts\/3721"}],"collection":[{"href":"https:\/\/pasaenmendoza.com\/index.php?rest_route=\/wp\/v2\/posts"}],"about":[{"href":"https:\/\/pasaenmendoza.com\/index.php?rest_route=\/wp\/v2\/types\/post"}],"author":[{"embeddable":true,"href":"https:\/\/pasaenmendoza.com\/index.php?rest_route=\/wp\/v2\/users\/2"}],"replies":[{"embeddable":true,"href":"https:\/\/pasaenmendoza.com\/index.php?rest_route=%2Fwp%2Fv2%2Fcomments&post=3721"}],"version-history":[{"count":1,"href":"https:\/\/pasaenmendoza.com\/index.php?rest_route=\/wp\/v2\/posts\/3721\/revisions"}],"predecessor-version":[{"id":3728,"href":"https:\/\/pasaenmendoza.com\/index.php?rest_route=\/wp\/v2\/posts\/3721\/revisions\/3728"}],"wp:featuredmedia":[{"embeddable":true,"href":"https:\/\/pasaenmendoza.com\/index.php?rest_route=\/wp\/v2\/media\/3727"}],"wp:attachment":[{"href":"https:\/\/pasaenmendoza.com\/index.php?rest_route=%2Fwp%2Fv2%2Fmedia&parent=3721"}],"wp:term":[{"taxonomy":"category","embeddable":true,"href":"https:\/\/pasaenmendoza.com\/index.php?rest_route=%2Fwp%2Fv2%2Fcategories&post=3721"},{"taxonomy":"post_tag","embeddable":true,"href":"https:\/\/pasaenmendoza.com\/index.php?rest_route=%2Fwp%2Fv2%2Ftags&post=3721"}],"curies":[{"name":"wp","href":"https:\/\/api.w.org\/{rel}","templated":true}]}}