{"id":3726,"date":"2023-12-12T14:17:01","date_gmt":"2023-12-12T13:17:01","guid":{"rendered":"https:\/\/pasaenmendoza.com\/?p=3726"},"modified":"2023-12-12T14:17:02","modified_gmt":"2023-12-12T13:17:02","slug":"grave-accidente-entre-un-camion-y-una-moto-en-alta-montana","status":"publish","type":"post","link":"https:\/\/pasaenmendoza.com\/?p=3726","title":{"rendered":"Grave accidente entre un cami\u00f3n y una moto en Alta Monta\u00f1a"},"content":{"rendered":"\n<p>Un&nbsp;<strong>cami\u00f3n<\/strong>&nbsp;choc\u00f3 contra una&nbsp;<strong>moto<\/strong>, este mediod\u00eda en la Ruta 7. El hecho ocurri\u00f3 en el t\u00fanel 9. El&nbsp;<strong>motociclista<\/strong>&nbsp;sufri\u00f3 lesiones grav\u00edsimas y fue trasladado al&nbsp;<strong>Hospital de Uspallata.&nbsp;<\/strong><\/p>\n\n\n\n<p><strong>Sin embargo, ante el estado desesperante del herido, lo llevaron en el helic\u00f3ptero Halc\u00f3n 3 al Hospital Central.<\/strong><\/p>\n\n\n\n<p>Seg\u00fan reportaron fuentes del Ministerio de Seguridad,<strong>&nbsp;el conductor de la moto, de 70 a\u00f1os, sufri\u00f3 una fractura en una de sus piernas, adem\u00e1s de politraumatismos graves,<\/strong>&nbsp;debido al accidente.<\/p>\n\n\n\n<p>Al camionero (33), oriundo de Brasil, se le practic\u00f3 dosaje de alcoholemia, el cual arroj\u00f3 resultado negativo, por lo que el hombre<strong>\u00a0no ten\u00eda alcohol en sangre al momento del siniestro.\u00a0<\/strong><\/p>\n\n\n\n<p>\u00a0 Seg\u00fan las primeras informaciones, el accidente ocurri\u00f3 en Uspallata, a la altura del kil\u00f3metro 1.130, cuando el motociclista perdi\u00f3 el control de la moto al llegar a una curva, colisionando con el cami\u00f3n, quedando debajo del mismo.\u00a0\u00a0<\/p>\n\n\n\n<p><strong>Fuente: www.mendozapost.com<\/strong><\/p>\n","protected":false},"excerpt":{"rendered":"<p>Un&nbsp;cami\u00f3n&nbsp;choc\u00f3 contra una&nbsp;moto, este mediod\u00eda en la Ruta 7. El hecho ocurri\u00f3 en el t\u00fanel 9. El&nbsp;motociclista&nbsp;sufri\u00f3 lesiones grav\u00edsimas y fue trasladado al&nbsp;Hospital de Uspallata.&nbsp; Sin embargo, ante el estado desesperante del herido, lo llevaron en el helic\u00f3ptero Halc\u00f3n 3 al Hospital Central. Seg\u00fan reportaron fuentes del Ministerio de Seguridad,&nbsp;el conductor de la moto, de [&hellip;]<\/p>\n","protected":false},"author":2,"featured_media":3729,"comment_status":"open","ping_status":"open","sticky":false,"template":"","format":"standard","meta":[],"categories":[48],"tags":[],"_links":{"self":[{"href":"https:\/\/pasaenmendoza.com\/index.php?rest_route=\/wp\/v2\/posts\/3726"}],"collection":[{"href":"https:\/\/pasaenmendoza.com\/index.php?rest_route=\/wp\/v2\/posts"}],"about":[{"href":"https:\/\/pasaenmendoza.com\/index.php?rest_route=\/wp\/v2\/types\/post"}],"author":[{"embeddable":true,"href":"https:\/\/pasaenmendoza.com\/index.php?rest_route=\/wp\/v2\/users\/2"}],"replies":[{"embeddable":true,"href":"https:\/\/pasaenmendoza.com\/index.php?rest_route=%2Fwp%2Fv2%2Fcomments&post=3726"}],"version-history":[{"count":1,"href":"https:\/\/pasaenmendoza.com\/index.php?rest_route=\/wp\/v2\/posts\/3726\/revisions"}],"predecessor-version":[{"id":3730,"href":"https:\/\/pasaenmendoza.com\/index.php?rest_route=\/wp\/v2\/posts\/3726\/revisions\/3730"}],"wp:featuredmedia":[{"embeddable":true,"href":"https:\/\/pasaenmendoza.com\/index.php?rest_route=\/wp\/v2\/media\/3729"}],"wp:attachment":[{"href":"https:\/\/pasaenmendoza.com\/index.php?rest_route=%2Fwp%2Fv2%2Fmedia&parent=3726"}],"wp:term":[{"taxonomy":"category","embeddable":true,"href":"https:\/\/pasaenmendoza.com\/index.php?rest_route=%2Fwp%2Fv2%2Fcategories&post=3726"},{"taxonomy":"post_tag","embeddable":true,"href":"https:\/\/pasaenmendoza.com\/index.php?rest_route=%2Fwp%2Fv2%2Ftags&post=3726"}],"curies":[{"name":"wp","href":"https:\/\/api.w.org\/{rel}","templated":true}]}}