{"id":3732,"date":"2023-12-12T14:34:39","date_gmt":"2023-12-12T13:34:39","guid":{"rendered":"https:\/\/pasaenmendoza.com\/?p=3732"},"modified":"2023-12-12T14:34:40","modified_gmt":"2023-12-12T13:34:40","slug":"con-la-venia-de-la-procuradora-fiscal-avanza-en-la-corte-suprema-la-causa-de-mendoza-por-ganancias","status":"publish","type":"post","link":"https:\/\/pasaenmendoza.com\/?p=3732","title":{"rendered":"Con la venia de la procuradora fiscal, avanza en la Corte Suprema la causa de Mendoza por Ganancias"},"content":{"rendered":"\n<p>La procuradora Laura Monti dictamin\u00f3 a favor de la competencia de la Corte tanto en la causa de fondo por la inconstitucionalidad del decreto que quita Ganancias como en la medida cautelar que inici\u00f3 Mendoza. Entre tanto, Cornejo reclama la coparticipaci\u00f3n del impuesto al cheque<\/p>\n\n\n\n<p>La\u00a0causa que Mendoza inici\u00f3 contra la Naci\u00f3n por la reforma de la ley del<strong>\u00a0Impuesto a las Ganancias\u00a0avanza en la Corte Suprema de Justicia<\/strong>, despu\u00e9s de la conformidad que dictamin\u00f3 la procuradora fiscal Laura Monti sobre la competencia originaria del m\u00e1ximo tribunal.<\/p>\n\n\n\n<p>La Provincia, a\u00fan con Rodolfo Suarez como gobernador,<strong>&nbsp;demand\u00f3 al Poder Ejecutivo nacional para que se declare la inconstitucionalidad e inaplicabilidad del decreto y la posterior ley que quitaron sujetos obligados al pago de Ganancias, lo que result\u00f3 en un perjuicio para Mendoza<\/strong>&nbsp;dado que se trata de un impuesto que integra la masa coparticipable.<\/p>\n\n\n\n<p>A su vez, mientras transita lentamente la causa en la Corte (con medida cautelar para la suspensi\u00f3n de los efectos),&nbsp;<strong>Alfredo Cornejo impulsa que la compensaci\u00f3n de esa quita llegue gracias a la coparticipaci\u00f3n del Impuesto al Cheque<\/strong>.<\/p>\n\n\n\n<p>&#8220;Estamos mandando una nota de los 23 gobernadores junto al jefe de la Ciudad de Buenos Aires, las 24 jurisdicciones, pidi\u00e9ndole (a Javier Milei) que el Impuesto al Cheque sea coparticipable. Eso compensa la ca\u00edda de Ganancias&#8221;, reiter\u00f3\u00a0este lunes en la asunci\u00f3n de\u00a0<strong>Francisco Lo Presti\u00a0<\/strong>como intendente de Las Heras.<\/p>\n\n\n\n<h2 class=\"wp-block-heading\">El cuestionamiento de Mendoza a la quita de Ganancias<\/h2>\n\n\n\n<p><strong>La Procuraci\u00f3n General de la Naci\u00f3n dictamin\u00f3 a favor de la competencia de la Corte Suprema para que entienda en la demanda de Mendoza contra la Naci\u00f3n<\/strong>. Especialmente para que avance, en primer lugar, en la&nbsp;<strong>medida cautelar<\/strong>&nbsp;por la que<strong>&nbsp;busca que el Estado nacional asuma los efectos de la reforma de Ganancias<\/strong>&nbsp;hasta tanto se resuelva el fondo de la cuesti\u00f3n, causa que demorar\u00e1 un tiempo m\u00e1s.<\/p>\n\n\n\n<p>El cuestionamiento fue que el Estado nacional&nbsp;<strong>disminuy\u00f3 unilateral e inconsultamente la percepci\u00f3n de impuestos que forman parte de la masa coparticipable, lo que produjo un da\u00f1o irreparable a las provincias<\/strong>, en particular a Mendoza, porque los ingresos ya estaban previstos para los presupuestos 2023 y el 2024.<\/p>\n\n\n\n<p>Eso, dice la Provincia, afecta el r\u00e9gimen de coparticipaci\u00f3n federal que tiene rango constitucional y es por ello que considera a las normas inconstitucionales.<\/p>\n\n\n\n<p>Mendoza cuestion\u00f3 adem\u00e1s de manera particular el decreto previo a la sanci\u00f3n de la ley por &#8220;graves vicios por falta de causa y motivaci\u00f3n&#8221;, lo que resulta, seg\u00fan la demanda, en su nulidad absoluta e insalvable.<\/p>\n\n\n\n<p>Lo que Mendoza pidi\u00f3 en car\u00e1cter de urgente, m\u00e1s all\u00e1 de la nulidad de las medidas, es&nbsp;<strong>que se suspendan los efectos y que sea la Naci\u00f3n la que asuma con recursos propios la aplicaci\u00f3n de la ley de reforma de Ganancias<\/strong>, sin afectar la cuota de coparticipaci\u00f3n de las provincias hasta que se dicte sentencia.<\/p>\n\n\n\n<p>La procuradora Monti le dio curso a la demanda ante la Corte por la naturaleza de las partes.<\/p>\n\n\n\n<h2 class=\"wp-block-heading\">Cornejo reclama que el Impuesto al Cheque sea coparticipable<\/h2>\n\n\n\n<p>Mientras se sustancian la demanda y la medida cautelar ante la Corte,&nbsp;<strong>Alfredo Cornejo le pidi\u00f3 al presidente Javier Milei que se coparticipe el Impuesto al Cheque<\/strong>. Si esto fuese as\u00ed, compensar\u00eda la p\u00e9rdida por la quita de Ganancias y la causa devendr\u00eda en abstracto.<\/p>\n\n\n\n<p>&#8220;No le estamos pidiendo que se cree un nuevo impuesto, sino<strong>&nbsp;que se distribuya ese<\/strong>&#8220;, dijo Cornejo en m\u00e1s de una oportunidad y reiter\u00f3 en la asunci\u00f3n de Lo Presti en Las Heras.<\/p>\n\n\n\n<p>&#8220;Y despu\u00e9s cada provincia con la coparticipaci\u00f3n tiene que saber administrarse en un clima de austeridad&#8221;, agreg\u00f3 el mandatario.<\/p>\n\n\n\n<p>&#8220;Creemos que es imprescindible&nbsp;<strong>reparar el desastre que se hizo con la eliminaci\u00f3n de Ganancias en el gobierno anterior<\/strong>&nbsp;de Sergio Massa, Alberto Fern\u00e1ndez y Cristina Fern\u00e1ndez&#8221;, dijo sobre el pedido que encar\u00f3 junto a los dem\u00e1s gobernadores del pa\u00eds sobre el Impuesto al Cheque.<\/p>\n\n\n\n<p>Esta solicitud ya se la hab\u00edan planteado a Massa a fines de noviembre, cuando se reunieron con el ministro para pactar una\u00a0cierta compensaci\u00f3n de aquello que las provincias dejaron de percibir en este \u00faltimo trimestre del a\u00f1o por la quita de Ganancias.<\/p>\n\n\n\n<p>FUENTE: Diariouno.com.ar <\/p>\n\n\n\n<p><a rel=\"noreferrer noopener\" href=\"https:\/\/www.facebook.com\/dialog\/feed?app_id=161316767303985&amp;link=https%3A%2F%2Fwww.diariouno.com.ar%2Fjudiciales%2Fcon-la-venia-la-procuradora-fiscal-avanza-la-corte-suprema-la-causa-mendoza-ganancias-n1261509&amp;name=Con+la+venia+de+la+procuradora+fiscal%2C+avanza+en+la+Corte+Suprema+la+causa+de+Mendoza+por+Ganancias&amp;caption=Impuesto+a+las+Ganancias&amp;description=La+procuradora+Laura+Monti+dictamin%C3%B3+a+favor+de+la+competencia+de+la+Corte+tanto+en+la+causa+de+fondo+por+la+inconstitucionalidad+del+decreto+que+quita+Ganancias+como+en+la+medida+cautelar+que+inici%C3%B3+Mendoza.+Entre+tanto%2C+Cornejo+reclama+la+coparticipaci%C3%B3n+del+impuesto+al+cheque&amp;redirect_uri=https%3A%2F%2Fwww.diariouno.com.ar%2Fjudiciales%2Fcon-la-venia-la-procuradora-fiscal-avanza-la-corte-suprema-la-causa-mendoza-ganancias-n1261509\" target=\"_blank\"><\/a><\/p>\n\n\n\n<p><a rel=\"noreferrer noopener\" href=\"https:\/\/twitter.com\/intent\/tweet?url=https%3A%2F%2Fwww.diariouno.com.ar%2Fc1261509&amp;related=diariouno&amp;text=Con+la+venia+de+la+procuradora+fiscal%2C+avanza+en+la+Corte+Suprema+la+causa+de+Mendoza+por+Ganancias&amp;via=diariouno\" target=\"_blank\"><\/a><\/p>\n\n\n\n<p><a href=\"mailto:?body=https%3A%2F%2Fwww.diariouno.com.ar%2Fjudiciales%2Fcon-la-venia-la-procuradora-fiscal-avanza-la-corte-suprema-la-causa-mendoza-ganancias-n1261509&amp;subject=%E2%80%9CCon%20la%20venia%20de%20la%20procuradora%20fiscal%2C%20avanza%20en%20la%20Corte%20Suprema%20la%20causa%20de%20Mendoza%20por%20Ganancias%E2%80%9D\"><\/a><\/p>\n\n\n\n<p><a rel=\"noreferrer noopener\" href=\"https:\/\/api.whatsapp.com\/send?text=%E2%80%9CCon%20la%20venia%20de%20la%20procuradora%20fiscal%2C%20avanza%20en%20la%20Corte%20Suprema%20la%20causa%20de%20Mendoza%20por%20Ganancias%E2%80%9D%20https%3A%2F%2Fwww.diariouno.com.ar%2Fjudiciales%2Fcon-la-venia-la-procuradora-fiscal-avanza-la-corte-suprema-la-causa-mendoza-ganancias-n1261509\" target=\"_blank\"><\/a><\/p>\n","protected":false},"excerpt":{"rendered":"<p>La procuradora Laura Monti dictamin\u00f3 a favor de la competencia de la Corte tanto en la causa de fondo por la inconstitucionalidad del decreto que quita Ganancias como en la medida cautelar que inici\u00f3 Mendoza. Entre tanto, Cornejo reclama la coparticipaci\u00f3n del impuesto al cheque La\u00a0causa que Mendoza inici\u00f3 contra la Naci\u00f3n por la reforma [&hellip;]<\/p>\n","protected":false},"author":2,"featured_media":3738,"comment_status":"open","ping_status":"open","sticky":true,"template":"","format":"standard","meta":[],"categories":[47],"tags":[],"_links":{"self":[{"href":"https:\/\/pasaenmendoza.com\/index.php?rest_route=\/wp\/v2\/posts\/3732"}],"collection":[{"href":"https:\/\/pasaenmendoza.com\/index.php?rest_route=\/wp\/v2\/posts"}],"about":[{"href":"https:\/\/pasaenmendoza.com\/index.php?rest_route=\/wp\/v2\/types\/post"}],"author":[{"embeddable":true,"href":"https:\/\/pasaenmendoza.com\/index.php?rest_route=\/wp\/v2\/users\/2"}],"replies":[{"embeddable":true,"href":"https:\/\/pasaenmendoza.com\/index.php?rest_route=%2Fwp%2Fv2%2Fcomments&post=3732"}],"version-history":[{"count":1,"href":"https:\/\/pasaenmendoza.com\/index.php?rest_route=\/wp\/v2\/posts\/3732\/revisions"}],"predecessor-version":[{"id":3739,"href":"https:\/\/pasaenmendoza.com\/index.php?rest_route=\/wp\/v2\/posts\/3732\/revisions\/3739"}],"wp:featuredmedia":[{"embeddable":true,"href":"https:\/\/pasaenmendoza.com\/index.php?rest_route=\/wp\/v2\/media\/3738"}],"wp:attachment":[{"href":"https:\/\/pasaenmendoza.com\/index.php?rest_route=%2Fwp%2Fv2%2Fmedia&parent=3732"}],"wp:term":[{"taxonomy":"category","embeddable":true,"href":"https:\/\/pasaenmendoza.com\/index.php?rest_route=%2Fwp%2Fv2%2Fcategories&post=3732"},{"taxonomy":"post_tag","embeddable":true,"href":"https:\/\/pasaenmendoza.com\/index.php?rest_route=%2Fwp%2Fv2%2Ftags&post=3732"}],"curies":[{"name":"wp","href":"https:\/\/api.w.org\/{rel}","templated":true}]}}