{"id":3740,"date":"2023-12-13T12:44:36","date_gmt":"2023-12-13T11:44:36","guid":{"rendered":"https:\/\/pasaenmendoza.com\/?p=3740"},"modified":"2023-12-13T12:44:38","modified_gmt":"2023-12-13T11:44:38","slug":"sigue-el-calor-extremo-en-mendoza-cuales-seran-las-maximas-de-los-proximos-dias","status":"publish","type":"post","link":"https:\/\/pasaenmendoza.com\/?p=3740","title":{"rendered":"Sigue el calor extremo en Mendoza: cu\u00e1les ser\u00e1n las m\u00e1ximas de los pr\u00f3ximos d\u00edas"},"content":{"rendered":"\n<p>\u201cNubosidad variable con ascenso de la temperatura, vientos moderados del sudeste\u201d, es lo que anuncia la&nbsp;<strong>Direcci\u00f3n de Contingencias Clim\u00e1ticas<\/strong>&nbsp;para este&nbsp;<strong>mi\u00e9rcoles en Mendoza.&nbsp;<\/strong><mark>La m\u00ednima ser\u00e1 de 21 grados y la m\u00e1xima de 34.<\/mark><\/p>\n\n\n\n<p>Para el<strong>\u00a0jueves<\/strong>\u00a0se prev\u00e9 muy caluroso, con nubosidad variable. Adem\u00e1s, el\u00a0<strong>Servicio Meteorol\u00f3gico Nacional (SMN)\u00a0<\/strong>emiti\u00f3\u00a0<mark>alerta por tormentas\u00a0<\/mark>en Las Heras, La Paz, Lavalle, San Mart\u00edn y Santa Rosa.<\/p>\n\n\n\n<p>Tambi\u00e9n&nbsp;<mark>se pronostica&nbsp;<strong>Zonda&nbsp;<\/strong>que se registrar\u00e1 en horas de la tarde<\/mark>&nbsp;en Jun\u00edn, Rivadavia, Luj\u00e1n de Cuyo, San Carlos, Tunuy\u00e1n, Tupungato, General Alvear y Malarg\u00fce.&nbsp;<mark>La m\u00e1xima prevista para la jornada podr\u00eda llegar a los 42 grados.<\/mark><\/p>\n\n\n\n<p>El\u00a0<strong>viernes\u00a0<\/strong>estar\u00e1 caluroso con nubosidad variable, vientos moderados del noreste.\u00a0<mark>La m\u00ednima ser\u00e1 de 22 grados y la m\u00e1xima de 35.<\/mark><\/p>\n\n\n\n<h2 class=\"wp-block-heading\" id=\"h-maximas-y-minimas\"><strong>M\u00e1ximas y m\u00ednimas<\/strong><\/h2>\n\n\n\n<ul>\n<li><strong>Mi\u00e9rcoles<\/strong>: de 21 (m\u00ednima) a 34 grados (m\u00e1xima).<\/li>\n\n\n\n<li><strong>Jueves<\/strong>. de 23 a 39 grados<\/li>\n\n\n\n<li><strong>Viernes<\/strong>: de 22 a 35<\/li>\n\n\n\n<li><strong>S\u00e1bado<\/strong>: de 24 a 42 (viento Zonda en altura, ventoso y tormentas aisladas hacia la noche).<\/li>\n\n\n\n<li><strong>Domingo<\/strong>: de 20 a 31.<\/li>\n<\/ul>\n\n\n\n<p><strong>La situaci\u00f3n en alta monta\u00f1a<\/strong><\/p>\n\n\n\n<p>El&nbsp;<strong>Sistema Integrado Cristo Redentor<\/strong>&nbsp;se encuentra&nbsp;<mark>habilitado<\/mark>&nbsp;para todo tipo de veh\u00edculos, durante las 24 horas.<\/p>\n\n\n\n<p>El\u00a0<strong>paso Pehuenche<\/strong>\u00a0est\u00e1\u00a0<mark>cerrado<\/mark>\u00a0hasta el pr\u00f3ximo viernes.<\/p>\n\n\n\n<p><strong>Fuente: www.elsol.com.ar<\/strong><\/p>\n","protected":false},"excerpt":{"rendered":"<p>\u201cNubosidad variable con ascenso de la temperatura, vientos moderados del sudeste\u201d, es lo que anuncia la&nbsp;Direcci\u00f3n de Contingencias Clim\u00e1ticas&nbsp;para este&nbsp;mi\u00e9rcoles en Mendoza.&nbsp;La m\u00ednima ser\u00e1 de 21 grados y la m\u00e1xima de 34. Para el\u00a0jueves\u00a0se prev\u00e9 muy caluroso, con nubosidad variable. Adem\u00e1s, el\u00a0Servicio Meteorol\u00f3gico Nacional (SMN)\u00a0emiti\u00f3\u00a0alerta por tormentas\u00a0en Las Heras, La Paz, Lavalle, San Mart\u00edn y [&hellip;]<\/p>\n","protected":false},"author":2,"featured_media":3741,"comment_status":"open","ping_status":"open","sticky":false,"template":"","format":"standard","meta":[],"categories":[52],"tags":[],"_links":{"self":[{"href":"https:\/\/pasaenmendoza.com\/index.php?rest_route=\/wp\/v2\/posts\/3740"}],"collection":[{"href":"https:\/\/pasaenmendoza.com\/index.php?rest_route=\/wp\/v2\/posts"}],"about":[{"href":"https:\/\/pasaenmendoza.com\/index.php?rest_route=\/wp\/v2\/types\/post"}],"author":[{"embeddable":true,"href":"https:\/\/pasaenmendoza.com\/index.php?rest_route=\/wp\/v2\/users\/2"}],"replies":[{"embeddable":true,"href":"https:\/\/pasaenmendoza.com\/index.php?rest_route=%2Fwp%2Fv2%2Fcomments&post=3740"}],"version-history":[{"count":1,"href":"https:\/\/pasaenmendoza.com\/index.php?rest_route=\/wp\/v2\/posts\/3740\/revisions"}],"predecessor-version":[{"id":3742,"href":"https:\/\/pasaenmendoza.com\/index.php?rest_route=\/wp\/v2\/posts\/3740\/revisions\/3742"}],"wp:featuredmedia":[{"embeddable":true,"href":"https:\/\/pasaenmendoza.com\/index.php?rest_route=\/wp\/v2\/media\/3741"}],"wp:attachment":[{"href":"https:\/\/pasaenmendoza.com\/index.php?rest_route=%2Fwp%2Fv2%2Fmedia&parent=3740"}],"wp:term":[{"taxonomy":"category","embeddable":true,"href":"https:\/\/pasaenmendoza.com\/index.php?rest_route=%2Fwp%2Fv2%2Fcategories&post=3740"},{"taxonomy":"post_tag","embeddable":true,"href":"https:\/\/pasaenmendoza.com\/index.php?rest_route=%2Fwp%2Fv2%2Ftags&post=3740"}],"curies":[{"name":"wp","href":"https:\/\/api.w.org\/{rel}","templated":true}]}}