{"id":3745,"date":"2023-12-13T12:55:07","date_gmt":"2023-12-13T11:55:07","guid":{"rendered":"https:\/\/pasaenmendoza.com\/?p=3745"},"modified":"2023-12-13T12:55:08","modified_gmt":"2023-12-13T11:55:08","slug":"el-abogado-denunciado-por-abusar-de-su-hija-paso-a-la-carcel-mientras-esperan-una-medida-clave","status":"publish","type":"post","link":"https:\/\/pasaenmendoza.com\/?p=3745","title":{"rendered":"El abogado denunciado por abusar de su hija pas\u00f3 a la c\u00e1rcel mientras esperan una medida clave"},"content":{"rendered":"\n<p>El abogado penalista y dirigente de la<strong>&nbsp;Federaci\u00f3n Mendocina de Box<\/strong>&nbsp;(<strong>FMB<\/strong>) investigado por el presunto abuso sexual a su hija de 4 a\u00f1os pas\u00f3 este lunes a la c\u00e1rcel luego de permanecer poco m\u00e1s de una semana alojado en la<strong>&nbsp;Comisar\u00eda 12\u00aa<\/strong>&nbsp;de&nbsp;<strong>San Mart\u00edn<\/strong>.<\/p>\n\n\n\n<p>As\u00ed lo decidi\u00f3 la fiscal de<strong>&nbsp;Violencia de G\u00e9nero y Delitos Contra la Integridad Sexual<\/strong>&nbsp;<strong>Mariana Guti\u00e9rrez<\/strong>, quien deber\u00e1 definir en las pr\u00f3ximas horas el pedido de detenci\u00f3n domiciliaria formulado por el defensor&nbsp;<strong>Carlos Moyano<\/strong>.<\/p>\n\n\n\n<p>Si bien el acusado cumple con los requisitos solicitados para quedar alojado en su domicilio del centro mendocino, donde fue detenido el s\u00e1bado 2, a\u00fan resta conocer si hay disponibilidad de pulsera o tobillera electr\u00f3nica para poder mantenerlo monitoreado.<\/p>\n\n\n\n<p>Ante eso, por ahora, permanecer\u00e1 tras las rejas en el M\u00f3dulo A-1 del&nbsp;<strong>Complejo Penitenciario San Felipe<\/strong>, destinado a detenidos en causas de violencia de g\u00e9nero y delitos sexuales. All\u00ed,&nbsp;<mark>es compa\u00f1ero de algunos \u201cconocidos\u201d presos como el humorista&nbsp;<strong>Juan&nbsp;<em>Cacho&nbsp;<\/em>Garay&nbsp;<\/strong>y&nbsp;<a href=\"https:\/\/www.elsol.com.ar\/policiales\/este-es-seong-jin-kim-el-surcoreano-que-confeso-el-femicidio-de-su-pareja\/\" target=\"_blank\" rel=\"noreferrer noopener\">el confeso femicida surcoreano,&nbsp;<strong>Seong Jin Kim<\/strong><\/a>.<\/mark><\/p>\n\n\n\n<p>Adem\u00e1s, la representante del\u00a0<strong>Ministerio P\u00fablico\u00a0<\/strong>aguarda por la realizaci\u00f3n de la\u00a0<strong>C\u00e1mara Gesell<\/strong>, que se llevar\u00e1 adelante este jueves a partir de las 11 en el Este provincial, donde la peque\u00f1a ser\u00e1 entrevistada por un grupo de profesionales.<\/p>\n\n\n\n<p>Lo que surja de esa medida ser\u00e1 de vital importancia para que el futuro de la causa, ya que se espera que la criatura ratifique el relato que le ofreci\u00f3 a su madre.\u00a0<mark>De acuerdo con la denuncia radicada hace m\u00e1s de dos meses por la mujer, la ni\u00f1a fue vejada mientras se ba\u00f1aba en un cauce de riego junto al padre, en una finca de\u00a0<strong>Jun\u00edn<\/strong><\/mark>.<\/p>\n\n\n\n<p>Fuentes allegadas a la instrucci\u00f3n se\u00f1alaron que la mujer detect\u00f3 que su hija presentaba lesiones compatibles con un abuso sexual en la zona de los genitales, situaci\u00f3n que fue confirmada por una m\u00e9dica particular que la revis\u00f3.<\/p>\n\n\n\n<p>Asimismo, la ni\u00f1a fue asistida por un psic\u00f3logo que observ\u00f3 tambi\u00e9n concluy\u00f3 que podr\u00eda haber atravesado una situaci\u00f3n traum\u00e1tica de ese tipo. Ambos profesionales plasmaron sus deducciones en el expediente, que en un principio fue liderado por el fiscal&nbsp;<strong>Tabar\u00e9 Ezcurra<\/strong>&nbsp;(la semana pasada fue trasladado a la UFI Correccional) y luego lo tom\u00f3 Guti\u00e9rrez.<\/p>\n\n\n\n<p>Con esas testimoniales, la causa se comenz\u00f3 a encaminar y, en la g\u00e9nesis de la investigaci\u00f3n, al letrado le tomaron una declaraci\u00f3n informativa. Pero\u00a0<mark>su situaci\u00f3n se agrav\u00f3 despu\u00e9s de protagonizar un fuerte cruce con la abogada que representa a su ex pareja (madre de la ni\u00f1a) en las afueras del edificio del\u00a0<strong>Poder Judicial de San Mart\u00edn<\/strong><\/mark>.<\/p>\n\n\n\n<p>A ra\u00edz de eso, el fiscal Ezcurra determin\u00f3 que exist\u00eda riesgo procesal por entorpecimiento de la investigaci\u00f3n y orden\u00f3 la captura de profesional denunciado, detenci\u00f3n que se concret\u00f3 el s\u00e1bado 2 cuando personal de Investigaciones irrumpi\u00f3 en su departamento de calle Garibaldi.<\/p>\n\n\n\n<p>En ese lugar incautaron una computadora, una tablet, tres celulares, una c\u00e1mara fotogr\u00e1fica y varios dispositivos de almacenamiento (un pendrive, varios ced\u00e9s y un disco duro), elementos que est\u00e1n siendo peritados por la\u00a0<strong>Unidad de Apoyo para la Investigaci\u00f3n Fiscal\u00a0<\/strong>(<strong>UDAPIF<\/strong>).<\/p>\n\n\n\n<p>D\u00edas despu\u00e9s de su captura, el abogado fue imputado por el delito de\u00a0<mark>abuso sexual agravado por ser el autor ascendiente y encargado de la guarda en concurso real con abuso sexual con acceso carnal agravado por el ser el autor ascendiente y encargado de la guarda en concurso real con abuso real gravemente ultrajante agravado por ser el autor ascendiente y encargado de la guarda<\/mark>, todo en concurso real.<\/p>\n\n\n\n<p><strong>Fuente: www.elsol.com.ar<\/strong><\/p>\n","protected":false},"excerpt":{"rendered":"<p>El abogado penalista y dirigente de la&nbsp;Federaci\u00f3n Mendocina de Box&nbsp;(FMB) investigado por el presunto abuso sexual a su hija de 4 a\u00f1os pas\u00f3 este lunes a la c\u00e1rcel luego de permanecer poco m\u00e1s de una semana alojado en la&nbsp;Comisar\u00eda 12\u00aa&nbsp;de&nbsp;San Mart\u00edn. As\u00ed lo decidi\u00f3 la fiscal de&nbsp;Violencia de G\u00e9nero y Delitos Contra la Integridad Sexual&nbsp;Mariana [&hellip;]<\/p>\n","protected":false},"author":2,"featured_media":3746,"comment_status":"open","ping_status":"open","sticky":false,"template":"","format":"standard","meta":[],"categories":[48],"tags":[],"_links":{"self":[{"href":"https:\/\/pasaenmendoza.com\/index.php?rest_route=\/wp\/v2\/posts\/3745"}],"collection":[{"href":"https:\/\/pasaenmendoza.com\/index.php?rest_route=\/wp\/v2\/posts"}],"about":[{"href":"https:\/\/pasaenmendoza.com\/index.php?rest_route=\/wp\/v2\/types\/post"}],"author":[{"embeddable":true,"href":"https:\/\/pasaenmendoza.com\/index.php?rest_route=\/wp\/v2\/users\/2"}],"replies":[{"embeddable":true,"href":"https:\/\/pasaenmendoza.com\/index.php?rest_route=%2Fwp%2Fv2%2Fcomments&post=3745"}],"version-history":[{"count":1,"href":"https:\/\/pasaenmendoza.com\/index.php?rest_route=\/wp\/v2\/posts\/3745\/revisions"}],"predecessor-version":[{"id":3747,"href":"https:\/\/pasaenmendoza.com\/index.php?rest_route=\/wp\/v2\/posts\/3745\/revisions\/3747"}],"wp:featuredmedia":[{"embeddable":true,"href":"https:\/\/pasaenmendoza.com\/index.php?rest_route=\/wp\/v2\/media\/3746"}],"wp:attachment":[{"href":"https:\/\/pasaenmendoza.com\/index.php?rest_route=%2Fwp%2Fv2%2Fmedia&parent=3745"}],"wp:term":[{"taxonomy":"category","embeddable":true,"href":"https:\/\/pasaenmendoza.com\/index.php?rest_route=%2Fwp%2Fv2%2Fcategories&post=3745"},{"taxonomy":"post_tag","embeddable":true,"href":"https:\/\/pasaenmendoza.com\/index.php?rest_route=%2Fwp%2Fv2%2Ftags&post=3745"}],"curies":[{"name":"wp","href":"https:\/\/api.w.org\/{rel}","templated":true}]}}