{"id":3764,"date":"2023-12-13T15:12:44","date_gmt":"2023-12-13T14:12:44","guid":{"rendered":"https:\/\/pasaenmendoza.com\/?p=3764"},"modified":"2023-12-13T15:12:45","modified_gmt":"2023-12-13T14:12:45","slug":"recalculando-los-nuevos-intendentes-intensificaran-el-plan-de-ajuste","status":"publish","type":"post","link":"https:\/\/pasaenmendoza.com\/?p=3764","title":{"rendered":"Recalculando: los nuevos intendentes intensificar\u00e1n el plan de ajuste"},"content":{"rendered":"\n<p>Los jefes comunales que asumen por estos d\u00edas ya aplican recortes en sus municipios: menos funcionarios, m\u00e1s exigencias al personal. Con las medidas de Caputo se suman m\u00e1s preocupaciones.<\/p>\n\n\n\n<p>Sin alusiones a la frase del presidente Javier Milei: &#8220;No hay plata&#8221;, pero sabiendo que las restricciones de fondos por parte de la Naci\u00f3n y el rumbo que tome la macroeconom\u00eda puede afectar sus respectivas gestiones, los&nbsp;<strong>intendentes mendocinos&nbsp;<\/strong>que asumen por estos d\u00edas ya hab\u00edan tomado medidas&nbsp;para enfrentar lo que se supon\u00eda podr\u00eda venir.<\/p>\n\n\n\n<p>En general, se han\u00a0anunciado recortes en la planta de funcionarios, m\u00e1s exigencia al personal y\u00a0<strong>ajustes\u00a0<\/strong>en los gastos corrientes, pero con un objetivo que comparten: no afectar los servicios que prestan.<\/p>\n\n\n\n<p>Con la devaluaci\u00f3n\u00a0anunciada este martes por la tarde, se intensificar\u00e1 la ayuda social, algo que ya se ten\u00eda previsto. Aunque preocupa las dificultades que podr\u00eda tener la provincia, las cuales los implicar\u00e1 directamente. Por eso, tienen la mirada puesta en cu\u00e1nto recibir\u00e1n de coparticipaci\u00f3n de impuestos y si eso alcanzar\u00e1 realmente para el futuro cercano. El panorama no se ve para nada alentador.\u00a0<\/p>\n\n\n\n<h2 class=\"wp-block-heading\">Municipio por municipio<\/h2>\n\n\n\n<p>A la crisis econ\u00f3mica\u00a0en Las Heras se suma, de acuerdo a sus nuevas autoridades, el &#8220;desorden&#8221; con que recibieron el municipio de manos de Daniel Orozco (La Uni\u00f3n Mendocina). Francisco Lo Presti (Cambia Mendoza) asumi\u00f3 en un acto donde el gobernador Alfredo Cornejo y la vice Hebe Casado, junto a otros jefes comunales de su espacio pol\u00edtico,\u00a0fueron a apoyarlo y marcaron la &#8220;vuelta de p\u00e1gina&#8221; que se viene para el departamento.<\/p>\n\n\n\n<p>&#8220;Quiero poner en conocimiento a la ciudadan\u00eda, en especial a los vecinos de Las Heras, el equipo de gobierno que integrar\u00e1 la nueva gesti\u00f3n cumpliendo con mi palabra de reducir en un 70% la cantidad de funcionarios de la gesti\u00f3n saliente&#8221;,\u00a0sostuvo el intendente entrante.\u00a0<\/p>\n\n\n\n<p>Pero adem\u00e1s, la gesti\u00f3n se plante\u00f3 ser estricta con los horarios que cumple\u00a0el personal del municipio. &#8220;Deber\u00e1n marcar la entrada a la 8 y la salida a las 14. Vamos a controlar eso&#8221;, sostuvo un funcionario. En la municipalidad est\u00e1n preocupados por el estado de las calles, los espacios verdes y, adem\u00e1s, por desarmar algunas estructuras que dej\u00f3 Orozco.<\/p>\n\n\n\n<p>Pese a que\u00a0Ulpiano Suarez\u00a0asumi\u00f3 su segundo mandato como\u00a0<strong>intendente\u00a0<\/strong>de la Ciudad de Mendoza\u00a0\u00a0y sus n\u00fameros est\u00e1n ordenados, tambi\u00e9n fij\u00f3 pautas nuevas para la etapa que viene. Desde el municipio contaron que la estructura de funcionarios se redujo un 20%. &#8220;Pasamos de 5 secretar\u00edas a 4&#8221;. Por otro lado, aseguraron: &#8220;Habr\u00e1 una mirada puntillosa respecto del tema erogaciones y estaremos muy atentos a lo que pase a nivel nacional. No tenemos problemas administrativos pero si la crisis se incrementa, habr\u00e1 que destinar fondos a ayuda social. La idea es que no impacte en la gesti\u00f3n, que se siga\u00a0garantizando la calidad de las prestaciones pero el resto se ir\u00e1\u00a0<strong>ajustando<\/strong>\u00a0seg\u00fan la situaci\u00f3n de la econom\u00eda&#8221;, afirmaron.\u00a0\u00a0<\/p>\n\n\n\n<p>Uno de los intendentes que anticip\u00f3 en campa\u00f1a un&nbsp;<strong>recorte&nbsp;<\/strong>en los fondos municipales&nbsp;es el jefe comunal de Rivadavia, Ricardo Mansur, quien volvi\u00f3 al departamento tras ganarle a Cambia Mendoza. Asumi\u00f3 el pasado domingo 10 por la tarde y ya present\u00f3 a su equipo con una dr\u00e1stica reducci\u00f3n. Mientras que el<strong>&nbsp;exintendente<\/strong>&nbsp;Miguel Ronco (Cambia Mendoza) ten\u00eda 41 funcionarios, Mansur s\u00f3lo nombr\u00f3 25.<\/p>\n\n\n\n<p>Adem\u00e1s,\u00a0Mansur explic\u00f3 que: \u201cComo dijimos en campa\u00f1a, reduciremos en un 35% los salarios de funcionarios. Lo que provoca un ahorro de aproximadamente\u00a0223,8 millones de pesos por a\u00f1o, que se pueden destinar a servicios para los rivadavienses&#8221;. La composici\u00f3n de este nuevo organigrama se basa en 4 secretar\u00edas (Gobierno, Hacienda, Desarrollo Humano y Obras y Servicios) y est\u00e1 a cargo de referentes de distintos partidos pol\u00edticos.\u00a0<\/p>\n\n\n\n<p>En tanto que en Maip\u00fa, el intendente Mat\u00edas Stevanato (PJ) empez\u00f3 su segundo mandato luego de haber sido electo con un gran respaldo popular, superando el 53% de los votos. Desde el municipio aseguraron que: &#8220;No hay recortes ni ajustes en temas puntuales. Si hay una profundizaci\u00f3n en los criterios de austeridad generales que se ven\u00edan achicando&#8221;.<\/p>\n\n\n\n<p>En General Alvear asumi\u00f3 Alejandro Molero (Cambia Mendoza) y en su discurso, expres\u00f3 que: &#8220;Los que manejemos el dinero p\u00fablico tendremos que gastar con prudencia, cambiar malos h\u00e1bitos y hacer el trabajo con total transparencia y as\u00ed solo entonces podremos restablecer la confianza entre el pueblo y sus gobernantes\u201d. El extitular del Iscamen sucede a Walter Marcolini, quien tambi\u00e9n es radical de Cambia Mendoza y este martes 12 jur\u00f3 como senador provincial.\u00a0\u00a0<\/p>\n\n\n\n<p>Desde el peronismo aseguraron desde la mesa de los intendentes, no habr\u00e1&nbsp;<strong>ajustes&nbsp;<\/strong>en personal<strong>&nbsp;&nbsp;<\/strong>pero s\u00ed est\u00e1n muy atentos a que lo que ocurrir\u00e1 con el reparto de los fondos que los municipios recibe de la Provincia, a trav\u00e9s de la coparticipaci\u00f3n de impuestos. Mientras esto ocurre, en el Gran Mendoza, la ciudadan\u00eda deber\u00e1 afrontar, independientemente del color pol\u00edtico de sus&nbsp;<strong>intendentes<\/strong>, un aumento en las tasas municipales.<\/p>\n\n\n\n<p>Un fantasma sobrevuela en este contexto econ\u00f3mico: la alta tasa de morosidad que deber\u00e1n enfrentar las comunas y, como dijo Caputo, &#8220;Ser\u00e1 peor que como estamos&#8221;<\/p>\n\n\n\n<p>FUENTE: Mdzonline.<\/p>\n","protected":false},"excerpt":{"rendered":"<p>Los jefes comunales que asumen por estos d\u00edas ya aplican recortes en sus municipios: menos funcionarios, m\u00e1s exigencias al personal. Con las medidas de Caputo se suman m\u00e1s preocupaciones. Sin alusiones a la frase del presidente Javier Milei: &#8220;No hay plata&#8221;, pero sabiendo que las restricciones de fondos por parte de la Naci\u00f3n y el [&hellip;]<\/p>\n","protected":false},"author":2,"featured_media":3767,"comment_status":"open","ping_status":"open","sticky":true,"template":"","format":"standard","meta":[],"categories":[47],"tags":[],"_links":{"self":[{"href":"https:\/\/pasaenmendoza.com\/index.php?rest_route=\/wp\/v2\/posts\/3764"}],"collection":[{"href":"https:\/\/pasaenmendoza.com\/index.php?rest_route=\/wp\/v2\/posts"}],"about":[{"href":"https:\/\/pasaenmendoza.com\/index.php?rest_route=\/wp\/v2\/types\/post"}],"author":[{"embeddable":true,"href":"https:\/\/pasaenmendoza.com\/index.php?rest_route=\/wp\/v2\/users\/2"}],"replies":[{"embeddable":true,"href":"https:\/\/pasaenmendoza.com\/index.php?rest_route=%2Fwp%2Fv2%2Fcomments&post=3764"}],"version-history":[{"count":1,"href":"https:\/\/pasaenmendoza.com\/index.php?rest_route=\/wp\/v2\/posts\/3764\/revisions"}],"predecessor-version":[{"id":3768,"href":"https:\/\/pasaenmendoza.com\/index.php?rest_route=\/wp\/v2\/posts\/3764\/revisions\/3768"}],"wp:featuredmedia":[{"embeddable":true,"href":"https:\/\/pasaenmendoza.com\/index.php?rest_route=\/wp\/v2\/media\/3767"}],"wp:attachment":[{"href":"https:\/\/pasaenmendoza.com\/index.php?rest_route=%2Fwp%2Fv2%2Fmedia&parent=3764"}],"wp:term":[{"taxonomy":"category","embeddable":true,"href":"https:\/\/pasaenmendoza.com\/index.php?rest_route=%2Fwp%2Fv2%2Fcategories&post=3764"},{"taxonomy":"post_tag","embeddable":true,"href":"https:\/\/pasaenmendoza.com\/index.php?rest_route=%2Fwp%2Fv2%2Ftags&post=3764"}],"curies":[{"name":"wp","href":"https:\/\/api.w.org\/{rel}","templated":true}]}}