{"id":3769,"date":"2023-12-13T15:19:32","date_gmt":"2023-12-13T14:19:32","guid":{"rendered":"https:\/\/pasaenmendoza.com\/?p=3769"},"modified":"2023-12-13T15:19:33","modified_gmt":"2023-12-13T14:19:33","slug":"el-gran-capital-que-tiene-mendoza-los-planes-para-los-millones-de-portezuelo","status":"publish","type":"post","link":"https:\/\/pasaenmendoza.com\/?p=3769","title":{"rendered":"\u201cEl gran capital que tiene Mendoza\u201d. Los planes para los millones de Portezuelo"},"content":{"rendered":"\n<p>Los 1.023 millones de d\u00f3lares, destinados inicialmente a la mega obra en el sur provincial, tambi\u00e9n est\u00e1n en la mira del peronismo.<\/p>\n\n\n\n<p>El gobernador&nbsp;<strong>Alfredo Cornejo<\/strong>&nbsp;tiene un millonario as bajo la manga.&nbsp;<strong>Son los 1.023 millones de d\u00f3lares&nbsp;<\/strong>destinados inicialmente a la megaobra Portezuelo del Viento, en el sur provincial, que se cancel\u00f3 tras el laudo de Alberto Fern\u00e1ndez que orden\u00f3 la realizaci\u00f3n un nuevo estudio de impacto ambiental sobre toda la cuenta del r\u00edo Colorado, que fue rechazado por Mendoza.<\/p>\n\n\n\n<p>Se trata del<em>&nbsp;\u201cgran capital que tiene Mendoza\u201d<\/em>, seg\u00fan admiti\u00f3 este martes el flamante mandatario en&nbsp;la cena por el D\u00eda de la Industria de la Construcci\u00f3n. Esos fondos, que est\u00e1n depositados en un fideicomiso y a\u00fan no tienen destino confirmado, tambi\u00e9n est\u00e1n en la mira de los&nbsp;<strong>intendentes del peronismo<\/strong>, que presionan para&nbsp;<em>\u201cmorder\u201d<\/em>&nbsp;al menos una porci\u00f3n de esa millonaria torta correspondiente a un resarcimiento de Naci\u00f3n hacia la provincia producto de los perjuicios de la promoci\u00f3n industrial en los 90.<\/p>\n\n\n\n<p><em>\u201cSon 1.023 millones de d\u00f3lares, de los cuales ya est\u00e1n disponibles m\u00e1s de 940 millones de d\u00f3lares. Ese fondo quiero aplicarlo a proyectos que generen riqueza\u201d<\/em>, afirm\u00f3 Cornejo.<\/p>\n\n\n\n<p>Tras dejar de lado la posibilidad de avanzar con Portezuelo del Viento, la anterior gesti\u00f3n de Rodolfo Suarez puso la mira sobre otro proyecto hidroel\u00e9ctrico en el sur provincial. Se trata del aprovechamiento multiprop\u00f3sito<strong>&nbsp;El Baqueano<\/strong>, en San Rafael, que fue aprobado por ley.<\/p>\n\n\n\n<p>En tal sentido, la Legislatura declar\u00f3 de utilidad p\u00fablica y sujeto a expropiaci\u00f3n inmuebles y terrenos para el comienzo de la construcci\u00f3n de El Baqueano,&nbsp;<strong>cuya inversi\u00f3n ronda los 525 millones de d\u00f3lares<\/strong>. Sin embargo, Cornejo afirm\u00f3 que la Provincia aportar\u00e1 recursos&nbsp;<em>\u201cen una proporci\u00f3n limitada\u201d.<\/em><\/p>\n\n\n\n<p><em>\u201cCreemos que los tiempos que vienen de cambio de poder econ\u00f3mico requieren que el sector privado se comprometa con la generaci\u00f3n de energ\u00eda\u201d<\/em>, enfatiz\u00f3 el gobernador, en l\u00ednea con la pol\u00edtica de infraestructura que pretende llevar adelante el presidente<strong>\u00a0Javier Milei<\/strong>.\u00a0<em>\u201cLa energ\u00eda, en un pa\u00eds normal y una vez tranquilizados los mercados, deber\u00eda ser atractivo para el sector privado de la construcci\u00f3n y otros sectores\u201d<\/em>, agreg\u00f3.<\/p>\n\n\n\n<h2 class=\"wp-block-heading\" id=\"h-dar-certidumbre\">\u201cDar certidumbre\u201d<\/h2>\n\n\n\n<p>En su discurso frente a los principales constructores de Mendoza, Cornejo comenz\u00f3 hablando de la situaci\u00f3n nacional y c\u00f3mo influye el marco en la provincia.&nbsp;<em>\u201cHemos hecho ya declaraciones p\u00fablicas acerca de nuestra vocaci\u00f3n por no detener la obra p\u00fablica\u201d<\/em>, sostuvo. Y a\u00f1adi\u00f3 que quiere&nbsp;<em>\u201cdar un poco de certidumbre en un marco de enorme intranquilidad\u201d.<\/em><\/p>\n\n\n\n<p>Otras frases del gobernador -que estuvo acompa\u00f1ado por la vicegobernadora,&nbsp;<strong>Hebe Casado<\/strong>; los ministros&nbsp;<strong>Natalio Mema<\/strong>&nbsp;(Gobierno),&nbsp;<strong>Rodolfo Vargas Arizu<\/strong>&nbsp;(Producci\u00f3n) y&nbsp;<strong>Jimena Latorre<\/strong>&nbsp;(Energ\u00eda y Ambiente), y por la subsecretaria de Infraestructura,&nbsp;<strong>Marit\u00e9 Badu\u00ed<\/strong>\u2013 fueron:<\/p>\n\n\n\n<ul>\n<li><em>\u201cHay que honrar ese mandato de cambio del modelo econ\u00f3mico.&nbsp;<strong>Para honrarlo hay que darle gobernabilidad.&nbsp;<\/strong>Varios de los gobernadores estamos unidos para dar esa tranquilidad y ese apoyo inicial que requiere este cambio del modelo econ\u00f3mico\u201d.<\/em><\/li>\n\n\n\n<li><em>\u201cEs obvio que para que sea exitoso el proceso de cambiar la forma de funcionamiento de la econom\u00eda,&nbsp;<strong>debe haber poder pol\u00edtico para explicarlo<\/strong>\u201d.<\/em><\/li>\n\n\n\n<li><em>\u201cEquilibrar las cuentas a nivel nacional requiere una serie de medidas, pero,&nbsp;<strong>con la obra p\u00fablica en particular, han sido imprecisos los anuncios<\/strong>\u201d.&nbsp;<\/em><\/li>\n\n\n\n<li><em>\u201cHay obras provinciales, pocas, porque estuvimos bastante discriminados por el Gobierno nacional. Est\u00e1n por convenio en distintas etapas de ejecuci\u00f3n donde&nbsp;<strong>la Provincia viene cumpliendo con los pagos y la Naci\u00f3n viene invirtiendo con retraso.<\/strong>&nbsp;En esas obras tambi\u00e9n queremos cumplir con nuestros proveedores y para eso estamos trabajando en estos replanteos, movimientos de partida, etc\u00e9tera\u201d.<\/em><\/li>\n\n\n\n<li><em>\u201c<strong>Hoy somos autosustentables en energ\u00eda<\/strong>, pero estamos interconectados a un pa\u00eds que tiene problemas y creemos que podemos seguir generando mayor energ\u00eda\u201d.<\/em><\/li>\n\n\n\n<li><em>\u201cNecesitamos que se&nbsp;<strong>estabilice la econom\u00eda<\/strong>\u201d.<\/em><\/li>\n\n\n\n<li><em>\u201cEs conveniente actuar con&nbsp;<strong>paciencia y tolerancia social e institucional<\/strong>\u201d.<\/em><\/li>\n<\/ul>\n\n\n\n<p>FUENTE: elsol.com.ar <\/p>\n","protected":false},"excerpt":{"rendered":"<p>Los 1.023 millones de d\u00f3lares, destinados inicialmente a la mega obra en el sur provincial, tambi\u00e9n est\u00e1n en la mira del peronismo. El gobernador&nbsp;Alfredo Cornejo&nbsp;tiene un millonario as bajo la manga.&nbsp;Son los 1.023 millones de d\u00f3lares&nbsp;destinados inicialmente a la megaobra Portezuelo del Viento, en el sur provincial, que se cancel\u00f3 tras el laudo de Alberto [&hellip;]<\/p>\n","protected":false},"author":2,"featured_media":3770,"comment_status":"open","ping_status":"open","sticky":true,"template":"","format":"standard","meta":[],"categories":[47],"tags":[],"_links":{"self":[{"href":"https:\/\/pasaenmendoza.com\/index.php?rest_route=\/wp\/v2\/posts\/3769"}],"collection":[{"href":"https:\/\/pasaenmendoza.com\/index.php?rest_route=\/wp\/v2\/posts"}],"about":[{"href":"https:\/\/pasaenmendoza.com\/index.php?rest_route=\/wp\/v2\/types\/post"}],"author":[{"embeddable":true,"href":"https:\/\/pasaenmendoza.com\/index.php?rest_route=\/wp\/v2\/users\/2"}],"replies":[{"embeddable":true,"href":"https:\/\/pasaenmendoza.com\/index.php?rest_route=%2Fwp%2Fv2%2Fcomments&post=3769"}],"version-history":[{"count":1,"href":"https:\/\/pasaenmendoza.com\/index.php?rest_route=\/wp\/v2\/posts\/3769\/revisions"}],"predecessor-version":[{"id":3771,"href":"https:\/\/pasaenmendoza.com\/index.php?rest_route=\/wp\/v2\/posts\/3769\/revisions\/3771"}],"wp:featuredmedia":[{"embeddable":true,"href":"https:\/\/pasaenmendoza.com\/index.php?rest_route=\/wp\/v2\/media\/3770"}],"wp:attachment":[{"href":"https:\/\/pasaenmendoza.com\/index.php?rest_route=%2Fwp%2Fv2%2Fmedia&parent=3769"}],"wp:term":[{"taxonomy":"category","embeddable":true,"href":"https:\/\/pasaenmendoza.com\/index.php?rest_route=%2Fwp%2Fv2%2Fcategories&post=3769"},{"taxonomy":"post_tag","embeddable":true,"href":"https:\/\/pasaenmendoza.com\/index.php?rest_route=%2Fwp%2Fv2%2Ftags&post=3769"}],"curies":[{"name":"wp","href":"https:\/\/api.w.org\/{rel}","templated":true}]}}