{"id":3772,"date":"2023-12-13T15:26:55","date_gmt":"2023-12-13T14:26:55","guid":{"rendered":"https:\/\/pasaenmendoza.com\/?p=3772"},"modified":"2023-12-13T15:26:56","modified_gmt":"2023-12-13T14:26:56","slug":"cornejo-y-sus-ministros-analizan-las-complicaciones-que-traeran-las-nuevas-medidas-economicas","status":"publish","type":"post","link":"https:\/\/pasaenmendoza.com\/?p=3772","title":{"rendered":"Cornejo y sus ministros analizan las &#8220;complicaciones&#8221; que traer\u00e1n las nuevas medidas econ\u00f3micas"},"content":{"rendered":"\n<p>El ministro V\u00edctor Fayad anticip\u00f3 que el alcance de las medidas de ajuste que anunci\u00f3 Luis Caputo ser\u00e1 fuerte para Mendoza. El gobernador est\u00e1 permanentemente reunido con su gabinete<\/p>\n\n\n\n<p>El ministro de Hacienda y Finanzas de Mendoza,\u00a0<strong>V\u00edctor Fayad<\/strong>, anticip\u00f3 que, tras conocer las\u00a0<strong>medidas anunciadas por Luis Caputo<\/strong>, &#8220;vamos a tener mayores complicaciones de lo que esper\u00e1bamos&#8221;. Por este tema, el gobernador\u00a0<strong>Alfredo Cornejo<\/strong>\u00a0se re\u00fane con las figuras del gabinete desde el primer d\u00eda h\u00e1bil de su gesti\u00f3n.<\/p>\n\n\n\n<p>Si bien hay que esperar precisiones, el ministro de Hacienda, encargado de llevar las cuentas de Mendoza,<strong>&nbsp;fue claro al decirle a Diario UNO que los problemas que le esperan a la provincia ser\u00e1n &#8220;m\u00e1s graves que lo esperado&#8221;<\/strong>.<\/p>\n\n\n\n<p>El ojo est\u00e1 puesto especialmente en los<strong>\u00a0fondos coparticipables y las consecuencias de la devaluaci\u00f3n del d\u00f3lar oficial<\/strong>\u00a0(por encima de lo que se dec\u00eda extraoficialmente), precio al que est\u00e1 atado adem\u00e1s la mayor\u00eda de los costos vinculados al transporte.<\/p>\n\n\n\n<h2 class=\"wp-block-heading\">Los ministros de Cornejo, pendientes de las medidas nacionales<\/h2>\n\n\n\n<p>Fue&nbsp;<strong>Natalio Mema<\/strong>, el ministro de Gobierno de Cornejo, el primero en tomar la palabra tras los anuncios del ministro de Econom\u00eda de Javier Milei.<\/p>\n\n\n\n<p>Mema ofici\u00f3 como una especie de vocero frente al recorte y asegur\u00f3 que como la &#8220;devaluaci\u00f3n del d\u00f3lar oficial seguramente&nbsp;<strong>va a impactar muy fuerte en los precios<\/strong>&#8220;, esto generar\u00e1 tambi\u00e9n su efecto en &#8220;las cuentas del Estado porque hay muchos gastos atados al precio de la divisa extranjera&#8221;.<\/p>\n\n\n\n<p>Lo que s\u00ed aclar\u00f3 el ministro es que, a pesar de la inflaci\u00f3n alta y la devaluaci\u00f3n, &#8220;<strong>tenemos garantizado el pago del aguinaldo y el cumplimiento de la paritaria que<\/strong> <strong>hemos firmado<\/strong>&#8220;.<\/p>\n\n\n\n<p>En di\u00e1logo con radio Nihuil, Mema apunt\u00f3 que el gabinete y el gobernador est\u00e1n atentos a &#8220;ver qu\u00e9 ocurre con impuestos fijos o la&nbsp;<strong>coparticipaci\u00f3n&nbsp;<\/strong>de algunos fondos en particulares que van por ejemplo a Vialidad Provincial, Incentivo Docente y\/o Viviendas&#8221;.<\/p>\n\n\n\n<p>Mientras que, sobre los subsidios al Transporte, si bien se esperan m\u00e1s precisiones sobre la medida que podr\u00eda afectar mayormente al AMBA y no tanto al interior del pa\u00eds,\u00a0<strong>Mema asegur\u00f3 que el agravante es que &#8220;la mayor\u00eda de los costos al transporte est\u00e1n vinculados al d\u00f3lar: el combustible, el mantenimiento de las unidades, la reposici\u00f3n de los colectivos y tambi\u00e9n l\u00f3gicamente el costo del recurso humano, que con estos niveles inflacionarios va a tener una presi\u00f3n hacia arriba<\/strong>.<\/p>\n\n\n\n<p>Vamos a tener que encontrar c\u00f3mo lo sostenemos&#8221;, admiti\u00f3 el funcionario que de esa \u00e1rea conocer mucho porque fue secretario de Servicios P\u00fablicos durante los cuatro a\u00f1os anteriores.<\/p>\n\n\n\n<p>La devaluaci\u00f3n y la&nbsp;<strong>quita de subsidios energ\u00e9ticos<\/strong>&nbsp;impactar\u00e1 tambi\u00e9n en la producci\u00f3n y en la formaci\u00f3n de precios: &#8220;Tenemos que esperar para ver c\u00f3mo afecta en donde el Estado tiene vinculados sus gastos&#8221;.<\/p>\n\n\n\n<p>Lo que s\u00ed reiteran los ministros, a pesar de la incertidumbre, es que Mendoza tiene las cuentas ordenadas y eso la pone en una mejor posici\u00f3n respecto de otras provincias.<\/p>\n\n\n\n<p>FUENTE: Diariouno.com.ar <\/p>\n","protected":false},"excerpt":{"rendered":"<p>El ministro V\u00edctor Fayad anticip\u00f3 que el alcance de las medidas de ajuste que anunci\u00f3 Luis Caputo ser\u00e1 fuerte para Mendoza. El gobernador est\u00e1 permanentemente reunido con su gabinete El ministro de Hacienda y Finanzas de Mendoza,\u00a0V\u00edctor Fayad, anticip\u00f3 que, tras conocer las\u00a0medidas anunciadas por Luis Caputo, &#8220;vamos a tener mayores complicaciones de lo que [&hellip;]<\/p>\n","protected":false},"author":2,"featured_media":3773,"comment_status":"open","ping_status":"open","sticky":true,"template":"","format":"standard","meta":[],"categories":[47],"tags":[],"_links":{"self":[{"href":"https:\/\/pasaenmendoza.com\/index.php?rest_route=\/wp\/v2\/posts\/3772"}],"collection":[{"href":"https:\/\/pasaenmendoza.com\/index.php?rest_route=\/wp\/v2\/posts"}],"about":[{"href":"https:\/\/pasaenmendoza.com\/index.php?rest_route=\/wp\/v2\/types\/post"}],"author":[{"embeddable":true,"href":"https:\/\/pasaenmendoza.com\/index.php?rest_route=\/wp\/v2\/users\/2"}],"replies":[{"embeddable":true,"href":"https:\/\/pasaenmendoza.com\/index.php?rest_route=%2Fwp%2Fv2%2Fcomments&post=3772"}],"version-history":[{"count":1,"href":"https:\/\/pasaenmendoza.com\/index.php?rest_route=\/wp\/v2\/posts\/3772\/revisions"}],"predecessor-version":[{"id":3774,"href":"https:\/\/pasaenmendoza.com\/index.php?rest_route=\/wp\/v2\/posts\/3772\/revisions\/3774"}],"wp:featuredmedia":[{"embeddable":true,"href":"https:\/\/pasaenmendoza.com\/index.php?rest_route=\/wp\/v2\/media\/3773"}],"wp:attachment":[{"href":"https:\/\/pasaenmendoza.com\/index.php?rest_route=%2Fwp%2Fv2%2Fmedia&parent=3772"}],"wp:term":[{"taxonomy":"category","embeddable":true,"href":"https:\/\/pasaenmendoza.com\/index.php?rest_route=%2Fwp%2Fv2%2Fcategories&post=3772"},{"taxonomy":"post_tag","embeddable":true,"href":"https:\/\/pasaenmendoza.com\/index.php?rest_route=%2Fwp%2Fv2%2Ftags&post=3772"}],"curies":[{"name":"wp","href":"https:\/\/api.w.org\/{rel}","templated":true}]}}