{"id":3775,"date":"2023-12-13T15:36:40","date_gmt":"2023-12-13T14:36:40","guid":{"rendered":"https:\/\/pasaenmendoza.com\/?p=3775"},"modified":"2023-12-13T15:36:41","modified_gmt":"2023-12-13T14:36:41","slug":"el-ministro-mema-anticipo-que-la-suba-del-dolar-oficial-impactara-en-los-servicios-publicos-de-mendoza","status":"publish","type":"post","link":"https:\/\/pasaenmendoza.com\/?p=3775","title":{"rendered":"El ministro Mema anticip\u00f3 que la suba del d\u00f3lar oficial impactar\u00e1 en los servicios p\u00fablicos de Mendoza"},"content":{"rendered":"\n<p>El ministro de Gobierno de la provincia dialog\u00f3 con la prensa y recalc\u00f3 que la suba de $400 a $800 pesos en la cotizaci\u00f3n oficial de la divisa estadounidense obligar\u00e1 a recalcular los gastos<\/p>\n\n\n\n<p><strong>Natalio Mema<\/strong>, flamante ministro de Gobierno de Mendoza, convers\u00f3 con la prensa este mi\u00e9rcoles acerca de las<strong>\u00a0consecuencias<\/strong>\u00a0que traer\u00e1n los anuncios que hizo recientemente el titular de la cartera econ\u00f3mica de la Naci\u00f3n,\u00a0<strong>Luis &#8220;Toto&#8221; Caputo<\/strong>.<\/p>\n\n\n\n<p>&#8220;Desde lo fiscal tenemos pocas precisiones. El ministro dijo que casi todas las partidas discrecionales iban a desaparecer; eso nos afecta menos, porque en general no los recibimos.\u00a0<strong>Pero no tenemos datos sobre las partidas que est\u00e1n definidas por ley y le corresponden a Mendoza<\/strong>&#8220;, se\u00f1al\u00f3 en funcionario.<\/p>\n\n\n\n<p>Mema se refer\u00eda a diferentes asignaciones que llegan desde el gobierno central bajo t\u00edtulos como el\u00a0<strong>Fondo de Incentivo Docente, programas de vivienda, dinero para trabajos viales, etc\u00e9tera<\/strong>.<\/p>\n\n\n\n<p>&#8220;Son fondos afectados por el presupuesto nacional sobre los cuales hoy no tenemos demasiada informaci\u00f3n&#8221;, recalc\u00f3 Mema. &#8220;<strong>Vamos a hablar con Naci\u00f3n para que nos especifiquen esto y poder evaluar desde Mendoza las decisiones a tomar<\/strong>&#8220;.<\/p>\n\n\n\n<h2 class=\"wp-block-heading\">El d\u00f3lar oficial y su impacto para los mendocinos<\/h2>\n\n\n\n<p>El ministro Caputo inform\u00f3 el martes que la cotizaci\u00f3n del d\u00f3lar oficial&nbsp;<strong>pasar\u00eda de alrededor de $400 a $800<\/strong>.<\/p>\n\n\n\n<p>Mema reaccion\u00f3: &#8220;Esta casi duplicaci\u00f3n del d\u00f3lar oficial impactar\u00e1 en muchos bienes y servicios, as\u00ed como sobre los gastos del Estado.\u00a0<strong>Hablamos de lo que se gasta en remedios, funcionamiento de los hospitales, transporte p\u00fablico y educaci\u00f3n, por ejemplo<\/strong>. Necesitamos ver cu\u00e1nto de eso se traslada a precios y tendremos que rever nuestra pauta de gastos de acuerdo a los cambios&#8221;, anticip\u00f3.<\/p>\n\n\n\n<h2 class=\"wp-block-heading\"><strong>Otros cambios<\/strong><\/h2>\n\n\n\n<p>Pero hay otros asuntos en los que las medidas del gobierno de&nbsp;<strong>Javier Milei<\/strong>&nbsp;surtir\u00e1n su efecto.<\/p>\n\n\n\n<p>&#8220;Nosotros ten\u00edamos contemplado para el a\u00f1o que viene&nbsp;<strong>recibir la parte que env\u00eda la Naci\u00f3n para el trasporte p\u00fablico, que si bien no representa m\u00e1s que el 10 o el 15%, cuando le sumamos todo el resto de los problemas que afrontamos, s\u00ed termina impactando fuerte<\/strong>&#8220;, reconoci\u00f3 el ministro Mema.<\/p>\n\n\n\n<p>&#8220;Veremos c\u00f3mo podemos&nbsp;<strong>amortiguar los recortes<\/strong>&nbsp;para que impacten lo menos posible en el costo del boleto&#8221;, sintetiz\u00f3.<\/p>\n\n\n\n<p>Respecto a la&nbsp;<strong>obra p\u00fablica<\/strong>, Caputo tambi\u00e9n anticip\u00f3 ajuste, y dijo que aquellas licitaciones que no est\u00e9n en marcha&nbsp;<strong>ser\u00e1n suspendidas<\/strong>.<\/p>\n\n\n\n<p>Mema dio<strong>\u00a0la perspectiva del gobierno mendocino<\/strong>: &#8220;La \u00fanica obra nueva que tenemos son los\u00a0<strong>dos puentes de la ruta 40<\/strong>\u00a0en Valle de Uco. Eso est\u00e1 en ejecuci\u00f3n muy lenta y vamos a pelear para que se termine. Vamos a pelear tambi\u00e9n por la famosa ruta 40 a San Juan. Y hay otras obras que ya est\u00e1n paralizadas, como el t\u00fanel Caracoles o el tramo entre la ruta 7 y la 40 en Agua de las Avispas. Intentaremos recuperarlas, aunque\u00a0<strong>ya las hab\u00eda paralizado el gobierno anterior&#8221;<\/strong>.<\/p>\n\n\n\n<p>FUENTE: Diariouno.com.ar <\/p>\n\n\n\n<p><a rel=\"noreferrer noopener\" href=\"https:\/\/www.facebook.com\/dialog\/feed?app_id=161316767303985&amp;link=https%3A%2F%2Fwww.diariouno.com.ar%2Fpolitica%2Fel-ministro-mema-anticipo-que-la-suba-del-dolar-oficial-impactara-los-servicios-publicos-mendoza-n1262513&amp;name=El+ministro+Mema+anticip%C3%B3+que+la+suba+del+d%C3%B3lar+oficial+impactar%C3%A1+en+los+servicios+p%C3%BAblicos+de+Mendoza&amp;caption=&amp;description=El+ministro+de+Gobierno+de+la+provincia+dialog%C3%B3+con+la+prensa+y+recalc%C3%B3+que+la+suba+de+%24400+a+%24800+pesos+en+la+cotizaci%C3%B3n+oficial+de+la+divisa+estadounidense+obligar%C3%A1+a+recalcular+los+gastos&amp;redirect_uri=https%3A%2F%2Fwww.diariouno.com.ar%2Fpolitica%2Fel-ministro-mema-anticipo-que-la-suba-del-dolar-oficial-impactara-los-servicios-publicos-mendoza-n1262513\" target=\"_blank\"><\/a><\/p>\n\n\n\n<p><a rel=\"noreferrer noopener\" href=\"https:\/\/twitter.com\/intent\/tweet?url=https%3A%2F%2Fwww.diariouno.com.ar%2Fc1262513&amp;related=diariouno&amp;text=El+ministro+Mema+anticip%C3%B3+que+la+suba+del+d%C3%B3lar+oficial+impactar%C3%A1+en+los+servicios+p%C3%BAblicos+de+Mendoza&amp;via=diariouno\" target=\"_blank\"><\/a><\/p>\n\n\n\n<p><a href=\"mailto:?body=https%3A%2F%2Fwww.diariouno.com.ar%2Fpolitica%2Fel-ministro-mema-anticipo-que-la-suba-del-dolar-oficial-impactara-los-servicios-publicos-mendoza-n1262513&amp;subject=%E2%80%9CEl%20ministro%20Mema%20anticip%C3%B3%20que%20la%20suba%20del%20d%C3%B3lar%20oficial%20impactar%C3%A1%20en%20los%20servicios%20p%C3%BAblicos%20de%20Mendoza%E2%80%9D\"><\/a><\/p>\n\n\n\n<p><a rel=\"noreferrer noopener\" href=\"https:\/\/api.whatsapp.com\/send?text=%E2%80%9CEl%20ministro%20Mema%20anticip%C3%B3%20que%20la%20suba%20del%20d%C3%B3lar%20oficial%20impactar%C3%A1%20en%20los%20servicios%20p%C3%BAblicos%20de%20Mendoza%E2%80%9D%20https%3A%2F%2Fwww.diariouno.com.ar%2Fpolitica%2Fel-ministro-mema-anticipo-que-la-suba-del-dolar-oficial-impactara-los-servicios-publicos-mendoza-n1262513\" target=\"_blank\"><\/a><\/p>\n\n\n\n<p><\/p>\n","protected":false},"excerpt":{"rendered":"<p>El ministro de Gobierno de la provincia dialog\u00f3 con la prensa y recalc\u00f3 que la suba de $400 a $800 pesos en la cotizaci\u00f3n oficial de la divisa estadounidense obligar\u00e1 a recalcular los gastos Natalio Mema, flamante ministro de Gobierno de Mendoza, convers\u00f3 con la prensa este mi\u00e9rcoles acerca de las\u00a0consecuencias\u00a0que traer\u00e1n los anuncios que [&hellip;]<\/p>\n","protected":false},"author":2,"featured_media":3776,"comment_status":"open","ping_status":"open","sticky":true,"template":"","format":"standard","meta":[],"categories":[47],"tags":[],"_links":{"self":[{"href":"https:\/\/pasaenmendoza.com\/index.php?rest_route=\/wp\/v2\/posts\/3775"}],"collection":[{"href":"https:\/\/pasaenmendoza.com\/index.php?rest_route=\/wp\/v2\/posts"}],"about":[{"href":"https:\/\/pasaenmendoza.com\/index.php?rest_route=\/wp\/v2\/types\/post"}],"author":[{"embeddable":true,"href":"https:\/\/pasaenmendoza.com\/index.php?rest_route=\/wp\/v2\/users\/2"}],"replies":[{"embeddable":true,"href":"https:\/\/pasaenmendoza.com\/index.php?rest_route=%2Fwp%2Fv2%2Fcomments&post=3775"}],"version-history":[{"count":1,"href":"https:\/\/pasaenmendoza.com\/index.php?rest_route=\/wp\/v2\/posts\/3775\/revisions"}],"predecessor-version":[{"id":3777,"href":"https:\/\/pasaenmendoza.com\/index.php?rest_route=\/wp\/v2\/posts\/3775\/revisions\/3777"}],"wp:featuredmedia":[{"embeddable":true,"href":"https:\/\/pasaenmendoza.com\/index.php?rest_route=\/wp\/v2\/media\/3776"}],"wp:attachment":[{"href":"https:\/\/pasaenmendoza.com\/index.php?rest_route=%2Fwp%2Fv2%2Fmedia&parent=3775"}],"wp:term":[{"taxonomy":"category","embeddable":true,"href":"https:\/\/pasaenmendoza.com\/index.php?rest_route=%2Fwp%2Fv2%2Fcategories&post=3775"},{"taxonomy":"post_tag","embeddable":true,"href":"https:\/\/pasaenmendoza.com\/index.php?rest_route=%2Fwp%2Fv2%2Ftags&post=3775"}],"curies":[{"name":"wp","href":"https:\/\/api.w.org\/{rel}","templated":true}]}}