{"id":3781,"date":"2023-12-14T13:47:10","date_gmt":"2023-12-14T12:47:10","guid":{"rendered":"https:\/\/pasaenmendoza.com\/?p=3781"},"modified":"2023-12-14T13:47:11","modified_gmt":"2023-12-14T12:47:11","slug":"el-gobierno-provincial-oficializo-16-renuncias-en-el-ministerio-de-seguridad","status":"publish","type":"post","link":"https:\/\/pasaenmendoza.com\/?p=3781","title":{"rendered":"El Gobierno provincial oficializ\u00f3 16 renuncias en el Ministerio de Seguridad"},"content":{"rendered":"\n<p>Los funcionarios siguen en sus cargos hasta tanto se defina si ser\u00e1n reemplazados o ratificados en sus puestos durante la gesti\u00f3n de Mercedes Rus.<\/p>\n\n\n\n<p>El Gobierno provincial oficializ\u00f3 este jueves las renuncias de 16 funcionarios del Ministerio de Seguridad, entre ellas las de&nbsp;<strong>Marcelo Calipo<\/strong>&nbsp;(director General de Polic\u00edas),&nbsp;<strong>N\u00e9stor Majul&nbsp;<\/strong>(subsecretario de Relaciones Institucionales),&nbsp;<strong>Jos\u00e9 Vega<\/strong>&nbsp;(director de Investigaciones) y&nbsp;<strong>Marcelo Puertas<\/strong>&nbsp;(director presidente de la Inspecci\u00f3n General de Seguridad).<\/p>\n\n\n\n<p>Los decretos fueron firmados por el ex gobernador Rodolfo Suarez y el ex ministro de Seguridad, Ra\u00fal Levrino, el pasado 30 de noviembre. Se trata de un hecho administrativo, por lo que desde la cartera que actualmente conduce Mercedes Rus aclararon que&nbsp;<strong>los funcionarios renunciantes contin\u00faan en sus puestos, a la espera de una definici\u00f3n.<\/strong>&nbsp;Es decir, si ser\u00e1n reemplazados o ratificados en sus cargos .<\/p>\n\n\n\n<p>A\u00fan no est\u00e1 confirmada la fecha del anuncio del equipo que acompa\u00f1ar\u00e1 a Rus en su gesti\u00f3n al frente de Seguridad.\u00a0<em>\u201cSer\u00e1 similar a lo que ocurri\u00f3 en Salud\u201d<\/em>, explicaron desde el edificio de calle Salta 672 de Godoy Cruz, en referencia a la presentaci\u00f3n de las autoridades sanitarias que encabez\u00f3 este mi\u00e9rcoles el gobernador Alfredo Cornejo.<\/p>\n\n\n\n<h2 class=\"wp-block-heading\" id=\"h-los-funcionarios-que-renunciaron-son\">Los funcionarios que renunciaron son:<\/h2>\n\n\n\n<ul>\n<li><strong>Leandro Biskupovich<\/strong>, director de Inform\u00e1tica y Comunicaciones&nbsp;<em>(Decreto 2758).<\/em><\/li>\n\n\n\n<li><strong>Roberto Favaro<\/strong>, asesor con funciones en la Subdirecci\u00f3n de la Direcci\u00f3n General de Polic\u00edas&nbsp;<em>(Decreto 2759).<\/em><\/li>\n\n\n\n<li><strong>N\u00e9stor Majul<\/strong>, subsecretario de Relaciones Institucionales&nbsp;<em>(Decreto 2760).<\/em><\/li>\n\n\n\n<li><strong>Orlando Zapata<\/strong>, asesor con funciones en la Subsecretar\u00eda de Relaciones Institucionales&nbsp;<em>(Decreto 2761)<\/em>.<\/li>\n\n\n\n<li><strong>Diego Arenas<\/strong>, director del Organismo T\u00e9cnico Criminol\u00f3gico&nbsp;<em>(Decreto 2763)<\/em>.<\/li>\n\n\n\n<li><strong>Hugo S\u00e1nchez<\/strong>, jefe de Gabinete&nbsp;<em>(Decreto 2764)<\/em>.<\/li>\n\n\n\n<li><strong>Omar Jadur<\/strong>, asesor con funciones en la Direcci\u00f3n de Asesor\u00eda Letrada&nbsp;<em>(Decreto 2766)<\/em>.<\/li>\n\n\n\n<li><strong>Gustavo Bizzotto<\/strong>, director de Administraci\u00f3n&nbsp;<em>(Decreto 2767)<\/em>.<\/li>\n\n\n\n<li><strong>Eduardo Orellana<\/strong>, director general del Servicio Penitenciario&nbsp;<em>(Decreto 2769)<\/em>.<\/li>\n\n\n\n<li><strong>M\u00f3nica Marchevsky<\/strong>, asesora con funciones en la Direcci\u00f3n de Inform\u00e1tica&nbsp;<em>(Decreto 2770)<\/em>.<\/li>\n\n\n\n<li><strong>Jos\u00e9 Vega<\/strong>, director de Investigaciones&nbsp;<em>(Decreto 2772).<\/em><\/li>\n\n\n\n<li><strong>N\u00e9stor Gonz\u00e1lez<\/strong>, director de Capital Humano y Capacitaci\u00f3n&nbsp;<em>(Decreto 2773)<\/em>.<\/li>\n\n\n\n<li><strong>Marcelo Calipo<\/strong>, director General de Polic\u00edas&nbsp;<em>(Decreto 2774)<\/em>.<\/li>\n\n\n\n<li><strong>Milagros S\u00e1nchez<\/strong>, directora de Relaciones con la Comunidad&nbsp;<em>(Decreto 2775)<\/em>.<\/li>\n\n\n\n<li><strong>Elizabeth Ormezzano<\/strong>, directora de Participaci\u00f3n Comunitaria&nbsp;<em>(Decreto 2776)<\/em>.<\/li>\n\n\n\n<li><strong>Marcelo Puertas<\/strong>, director presidente de la Inspecci\u00f3n General de Seguridad&nbsp;<em>(Decreto 2777)<\/em>.<\/li>\n<\/ul>\n\n\n\n<p>FUENTE: elsol.com.ar <\/p>\n","protected":false},"excerpt":{"rendered":"<p>Los funcionarios siguen en sus cargos hasta tanto se defina si ser\u00e1n reemplazados o ratificados en sus puestos durante la gesti\u00f3n de Mercedes Rus. El Gobierno provincial oficializ\u00f3 este jueves las renuncias de 16 funcionarios del Ministerio de Seguridad, entre ellas las de&nbsp;Marcelo Calipo&nbsp;(director General de Polic\u00edas),&nbsp;N\u00e9stor Majul&nbsp;(subsecretario de Relaciones Institucionales),&nbsp;Jos\u00e9 Vega&nbsp;(director de Investigaciones) y&nbsp;Marcelo [&hellip;]<\/p>\n","protected":false},"author":2,"featured_media":3782,"comment_status":"open","ping_status":"open","sticky":true,"template":"","format":"standard","meta":[],"categories":[47],"tags":[],"_links":{"self":[{"href":"https:\/\/pasaenmendoza.com\/index.php?rest_route=\/wp\/v2\/posts\/3781"}],"collection":[{"href":"https:\/\/pasaenmendoza.com\/index.php?rest_route=\/wp\/v2\/posts"}],"about":[{"href":"https:\/\/pasaenmendoza.com\/index.php?rest_route=\/wp\/v2\/types\/post"}],"author":[{"embeddable":true,"href":"https:\/\/pasaenmendoza.com\/index.php?rest_route=\/wp\/v2\/users\/2"}],"replies":[{"embeddable":true,"href":"https:\/\/pasaenmendoza.com\/index.php?rest_route=%2Fwp%2Fv2%2Fcomments&post=3781"}],"version-history":[{"count":1,"href":"https:\/\/pasaenmendoza.com\/index.php?rest_route=\/wp\/v2\/posts\/3781\/revisions"}],"predecessor-version":[{"id":3783,"href":"https:\/\/pasaenmendoza.com\/index.php?rest_route=\/wp\/v2\/posts\/3781\/revisions\/3783"}],"wp:featuredmedia":[{"embeddable":true,"href":"https:\/\/pasaenmendoza.com\/index.php?rest_route=\/wp\/v2\/media\/3782"}],"wp:attachment":[{"href":"https:\/\/pasaenmendoza.com\/index.php?rest_route=%2Fwp%2Fv2%2Fmedia&parent=3781"}],"wp:term":[{"taxonomy":"category","embeddable":true,"href":"https:\/\/pasaenmendoza.com\/index.php?rest_route=%2Fwp%2Fv2%2Fcategories&post=3781"},{"taxonomy":"post_tag","embeddable":true,"href":"https:\/\/pasaenmendoza.com\/index.php?rest_route=%2Fwp%2Fv2%2Ftags&post=3781"}],"curies":[{"name":"wp","href":"https:\/\/api.w.org\/{rel}","templated":true}]}}