{"id":3784,"date":"2023-12-14T13:56:22","date_gmt":"2023-12-14T12:56:22","guid":{"rendered":"https:\/\/pasaenmendoza.com\/?p=3784"},"modified":"2023-12-14T13:56:23","modified_gmt":"2023-12-14T12:56:23","slug":"el-cargo-nacional-que-tendra-oscar-sagas-de-la-mano-de-petri","status":"publish","type":"post","link":"https:\/\/pasaenmendoza.com\/?p=3784","title":{"rendered":"El cargo nacional que tendr\u00e1 Oscar Sag\u00e1s de la mano de Petri"},"content":{"rendered":"\n<p>El m\u00e9dico cirujano mendocino\u00a0<strong>Oscar Sag\u00e1s<\/strong>, quien fue subsecretario de Salud de la provincia de Mendoza durante los \u00faltimos ocho a\u00f1os, quedar\u00e1 a cargo de\u00a0<strong>IOSFA<\/strong>, la\u00a0<strong>obra social de las Fuerzas Armadas de la Naci\u00f3n.<\/strong><\/p>\n\n\n\n<p>Fue\u00a0Luis Petri, flamante ministro de\u00a0Defensa, quien<strong>\u00a0le ofreci\u00f3 a Sag\u00e1s que se haga cargo de IOSFA<\/strong>. Este a\u00f1o, el m\u00e9dico fue precandidato a intendente en las PASO de Godoy Cruz por la lista que encabez\u00f3 el ahora funcionario de Javier Milei (de all\u00ed el v\u00ednculo).<\/p>\n\n\n\n<p>Como marca el\u00a0Decreto 637\/2013, el ministro de Defensa -en este caso Luis Petri- es quien debe proponer y realizar los nombramientos del Directorio de la Obra Social, la cual fue creada en 2013 tras la unificaci\u00f3n de la\u00a0<strong>obra social del Ej\u00e9rcito, la Direcci\u00f3n de Bienestar de la Armada y la Direcci\u00f3n de Bienestar del personal de la Fuerza A\u00e9rea<\/strong>.<\/p>\n\n\n\n<p>Seg\u00fan pudo reconstruir el\u00a0<em><strong>Post<\/strong><\/em>\u00a0de fuentes cercanas a los protagonistas, Petri le pidi\u00f3 a<strong>\u00a0Sag\u00e1s que se haga cargo de la transici\u00f3n<\/strong>\u00a0con el ahora expresidente de IOSFA, Dar\u00edo D\u00edaz P\u00e9rez. Por eso,\u00a0<strong>ayer hubo una reuni\u00f3n entre ambos en Buenos Aires.\u00a0<\/strong>Una vez concluido este periodo, el mendocino quedar\u00e1 a cargo.<\/p>\n\n\n\n<p>Adem\u00e1s de sus conocimientos m\u00e9dicos, Sag\u00e1s cuenta con amplia experiencia en Administraci\u00f3n en Servicios de Salud y Gesti\u00f3n en Servicios de Salud, esto acompa\u00f1ado por maestr\u00edas y doctorados. Por su parte, D\u00edaz P\u00e9rez se desempe\u00f1\u00f3 como m\u00e1xima autoridad del Instituto de Obra Social de las Fuerzas Armadas y de Seguridad\u00a0desde enero de 2020.\u00a0\u00a0<\/p>\n\n\n\n<p>La IOSFA tiene sus propias farmacias, sedes en todo el pa\u00eds (incluidas seis en Mendoza) y adem\u00e1s brinda servicios de turismo y recreaci\u00f3n.<\/p>\n\n\n\n<p>IOSFA<\/p>\n\n\n\n<p>En junio de 2013, el Gobierno de Cristina Fern\u00e1ndez cre\u00f3 la Obra Social de las Fuerzas Armadas par &#8220;<strong>optimizar los recursos financieros y operativos del sistema de salud<\/strong>&nbsp;para el personal militar y su familia&#8221;.<\/p>\n\n\n\n<p>El decreto fue firmado por Agust\u00edn Rossi un d\u00eda despu\u00e9s de su asunci\u00f3n como ministro de Defensa, sin embargo desde hac\u00eda a\u00f1os que en Casa Rosada se hablaba de unificar el sistema de salud para el personal de las Fuerzas Armadas.<\/p>\n\n\n\n<p>Los beneficiados de esta obra social son el personal militar en actividad y civil de las Fuerzas Armadas; Fuerza A\u00e9rea, los uniformados y civiles de la Gendarmer\u00eda y Prefectura, los retirados y pensionados de todas estas instituciones, entre otros que depende de la \u00f3rbita castrense.<\/p>\n\n\n\n<p>&#8220;Todos afiliados al IOSFA gozan, igualitariamente, de los beneficios de un programa integral de Prestaciones m\u00e9dico asistenciales y de salud, cuyo acceso quedar\u00e1 garantizado por procedimientos normativos y una red de servicios institucionales propios y contratados, que operar\u00e1n en todo el \u00e1mbito nacional&#8221;, expresa el decreto de conformaci\u00f3n.<\/p>\n\n\n\n<p>FUENTE: Mendozapost.<\/p>\n","protected":false},"excerpt":{"rendered":"<p>El m\u00e9dico cirujano mendocino\u00a0Oscar Sag\u00e1s, quien fue subsecretario de Salud de la provincia de Mendoza durante los \u00faltimos ocho a\u00f1os, quedar\u00e1 a cargo de\u00a0IOSFA, la\u00a0obra social de las Fuerzas Armadas de la Naci\u00f3n. Fue\u00a0Luis Petri, flamante ministro de\u00a0Defensa, quien\u00a0le ofreci\u00f3 a Sag\u00e1s que se haga cargo de IOSFA. Este a\u00f1o, el m\u00e9dico fue precandidato a [&hellip;]<\/p>\n","protected":false},"author":2,"featured_media":3791,"comment_status":"open","ping_status":"open","sticky":true,"template":"","format":"standard","meta":[],"categories":[47],"tags":[],"_links":{"self":[{"href":"https:\/\/pasaenmendoza.com\/index.php?rest_route=\/wp\/v2\/posts\/3784"}],"collection":[{"href":"https:\/\/pasaenmendoza.com\/index.php?rest_route=\/wp\/v2\/posts"}],"about":[{"href":"https:\/\/pasaenmendoza.com\/index.php?rest_route=\/wp\/v2\/types\/post"}],"author":[{"embeddable":true,"href":"https:\/\/pasaenmendoza.com\/index.php?rest_route=\/wp\/v2\/users\/2"}],"replies":[{"embeddable":true,"href":"https:\/\/pasaenmendoza.com\/index.php?rest_route=%2Fwp%2Fv2%2Fcomments&post=3784"}],"version-history":[{"count":1,"href":"https:\/\/pasaenmendoza.com\/index.php?rest_route=\/wp\/v2\/posts\/3784\/revisions"}],"predecessor-version":[{"id":3792,"href":"https:\/\/pasaenmendoza.com\/index.php?rest_route=\/wp\/v2\/posts\/3784\/revisions\/3792"}],"wp:featuredmedia":[{"embeddable":true,"href":"https:\/\/pasaenmendoza.com\/index.php?rest_route=\/wp\/v2\/media\/3791"}],"wp:attachment":[{"href":"https:\/\/pasaenmendoza.com\/index.php?rest_route=%2Fwp%2Fv2%2Fmedia&parent=3784"}],"wp:term":[{"taxonomy":"category","embeddable":true,"href":"https:\/\/pasaenmendoza.com\/index.php?rest_route=%2Fwp%2Fv2%2Fcategories&post=3784"},{"taxonomy":"post_tag","embeddable":true,"href":"https:\/\/pasaenmendoza.com\/index.php?rest_route=%2Fwp%2Fv2%2Ftags&post=3784"}],"curies":[{"name":"wp","href":"https:\/\/api.w.org\/{rel}","templated":true}]}}