{"id":3785,"date":"2023-12-14T13:54:38","date_gmt":"2023-12-14T12:54:38","guid":{"rendered":"https:\/\/pasaenmendoza.com\/?p=3785"},"modified":"2023-12-14T13:54:39","modified_gmt":"2023-12-14T12:54:39","slug":"desde-las-economias-regionales-advirtieron-que-las-recientes-medidas-de-caputo-no-ayudan","status":"publish","type":"post","link":"https:\/\/pasaenmendoza.com\/?p=3785","title":{"rendered":"Desde las econom\u00edas regionales advirtieron que las recientes medidas de Caputo &#8220;no ayudan&#8221;"},"content":{"rendered":"\n<p><strong>La relaci\u00f3n entre el Gobierno de Javier Milei y el campo no arranc\u00f3 bien<\/strong>. El anuncio del ministro de Econom\u00eda, Luis Caputo, tom\u00f3 por sorpresa al sector. Es que dentro del paquete que se anticip\u00f3, aparecen elementos que no estaban en los planes de nadie:&nbsp;<strong>las econom\u00edas regionales volver\u00e1n a pagar retenciones. Y no solo deber\u00e1n volver a afrontar esta obligaci\u00f3n, sino que lo har\u00e1n por un monto mayor al que lo hac\u00edan hace algunos meses.<\/strong><\/p>\n\n\n\n<p>Este sector, junto a varios otros,\u00a0<strong>comenzar\u00e1 a pagar un impuesto a las exportaciones del 15%<\/strong>, en algunos casos muy por encima de lo que pagaban hasta septiembre de este a\u00f1o, cuando el entonces ministro de Econom\u00eda, Sergio Massa, en muchos casos elimin\u00f3 -y en otros redujo- las retenciones a las econom\u00edas regionales.<\/p>\n\n\n\n<p>Segmentos como el\u00a0<strong>jugo de uva (mosto), el vino<\/strong>, el<strong>\u00a0vinagre<\/strong>, la c\u00e1scara deshidratada de c\u00edtricos o algunos subsectores de la pesca, entre varios otros, desde aquel entonces no pagan retenciones, aunque una vez que se implemente el nuevo plan s\u00ed deber\u00e1n hacerlo.<\/p>\n\n\n\n<p>&#8220;Para nosotros se trata de una sorpresa total; realmente no esper\u00e1bamos esto porque&nbsp;<strong>si algo dijo Milei durante toda la campa\u00f1a fue que la cantidad de impuestos en la Argentina es excesiva<\/strong>, e incluso muchas veces se mostr\u00f3 en contra de forma expl\u00edcita de las retenciones&#8221;, dijo a El Cronista el representante de uno de los sectores afectados.<\/p>\n\n\n\n<p>Seg\u00fan comentaron algunos de los referentes de las econom\u00edas regionales, la postura del oficialismo -en la previa de los anuncios- fue el compromiso de mantener una postura contraria a la vuelta de los impuestos a las exportaciones.<\/p>\n\n\n\n<p>&#8220;No est\u00e1 en nuestro esp\u00edritu&#8221;, repitieron los referentes del Gobierno en los encuentros que mantuvieron con el sector. Pero ahora peg\u00f3 un vuelco de 180 grados. Desde Econom\u00eda se insiste con que -como anunci\u00f3 Caputo- se trata de una determinaci\u00f3n &#8220;temporaria&#8221;, aunque&nbsp;<strong>la gran inc\u00f3gnita es hasta cu\u00e1ndo<\/strong>.<\/p>\n\n\n\n<h2 class=\"wp-block-heading\">Contrapartida por la fuerte devaluaci\u00f3n<\/h2>\n\n\n\n<p>Ya con la medida anunciada, desde Econom\u00eda sostienen que<strong>&nbsp;se trata de una contrapartida a la fuerte devaluaci\u00f3n del tipo de cambio que se aplic\u00f3, algo que el Gobierno espera que desemboque en la aceleraci\u00f3n de las exportaciones y liquidaci\u00f3n de divisas hasta fin de a\u00f1o.<\/strong><\/p>\n\n\n\n<p>La cifra a la que se apunta en este sentido son cerca de&nbsp;<strong>u$s 5.000 millones<\/strong>.<\/p>\n\n\n\n<p>Esta posibilidad de apuntalar las exportaciones no es compartida totalmente por el agro. En primer lugar, porque si se trata de algo temporario entonces no habr\u00eda demasiada raz\u00f3n para liquidar la producci\u00f3n con las retenciones de 15% de por medio.&nbsp;<strong>&#8220;En todo caso se vender\u00e1 lo que se precise y el resto se guardar\u00e1. Pero las medidas no ayudan&#8221;<\/strong>, afirman las fuentes consultadas.<\/p>\n\n\n\n<p>Esta posibilidad, de todos modos, no es igual para todos los sectores de las econom\u00edas regionales ya que algunos productos no son stockeables o deben ser vendidos en determinadas \u00e9pocas por diferentes cuestiones.<\/p>\n\n\n\n<p><strong>Hay sectores, incluso, para los que su situaci\u00f3n pasa a ser ahora mucho peor<\/strong>&nbsp;si se toma en cuenta el nivel impositivo al que deber\u00e1n hacer frente, respecto de la previa de la eliminaci\u00f3n de las retenciones de Massa, y m\u00e1s all\u00e1 de la mejora del tipo de cambio que recibir\u00e1n ahora.<\/p>\n\n\n\n<p>Por ejemplo, el arroz -dependiendo de sus caracter\u00edsticas- hasta septiembre pasado pagaba retenciones que iban del 3% al 5%, mientras que&nbsp;<strong>el vino y la papa industrializada pagaban el 4,5% (nota: el vino lleg\u00f3 incluso a tener 0%), los aceites esenciales del 3%, o la industria forestal entre 3% y 5%<\/strong>.<\/p>\n\n\n\n<p>Incluso si se toma el caso que m\u00e1s retenciones pagaba, el del tabaco, la diferencia se hace notar. Esta industria pagaba 12% de impuestos exportadores -cay\u00f3 a 0 en septiembre-, muy por encima de la media del resto de las econom\u00edas regionales, y ahora pagar\u00e1 el mismo 15% de todo el segmento.<\/p>\n\n\n\n<p>De acuerdo con los cambios anunciados, las exportaciones se liquidar\u00e1n en un esquema de 80-20, con la mayor parte a valor del d\u00f3lar oficial y el 20% restante a contado con liquidaci\u00f3n, lo que hoy&nbsp;<strong>equivale a un d\u00f3lar de $ 860.<\/strong><\/p>\n\n\n\n<p>Una vez descontado el 15% de retenciones, al exportador le quedar\u00e1, siempre a valores de hoy, unos\u00a0<strong>$ 760<\/strong>.<\/p>\n\n\n\n<p><strong>Fuente: www.diariouno.com.ar<\/strong><\/p>\n","protected":false},"excerpt":{"rendered":"<p>La relaci\u00f3n entre el Gobierno de Javier Milei y el campo no arranc\u00f3 bien. El anuncio del ministro de Econom\u00eda, Luis Caputo, tom\u00f3 por sorpresa al sector. Es que dentro del paquete que se anticip\u00f3, aparecen elementos que no estaban en los planes de nadie:&nbsp;las econom\u00edas regionales volver\u00e1n a pagar retenciones. Y no solo deber\u00e1n [&hellip;]<\/p>\n","protected":false},"author":2,"featured_media":3787,"comment_status":"open","ping_status":"open","sticky":false,"template":"","format":"standard","meta":[],"categories":[87],"tags":[],"_links":{"self":[{"href":"https:\/\/pasaenmendoza.com\/index.php?rest_route=\/wp\/v2\/posts\/3785"}],"collection":[{"href":"https:\/\/pasaenmendoza.com\/index.php?rest_route=\/wp\/v2\/posts"}],"about":[{"href":"https:\/\/pasaenmendoza.com\/index.php?rest_route=\/wp\/v2\/types\/post"}],"author":[{"embeddable":true,"href":"https:\/\/pasaenmendoza.com\/index.php?rest_route=\/wp\/v2\/users\/2"}],"replies":[{"embeddable":true,"href":"https:\/\/pasaenmendoza.com\/index.php?rest_route=%2Fwp%2Fv2%2Fcomments&post=3785"}],"version-history":[{"count":1,"href":"https:\/\/pasaenmendoza.com\/index.php?rest_route=\/wp\/v2\/posts\/3785\/revisions"}],"predecessor-version":[{"id":3788,"href":"https:\/\/pasaenmendoza.com\/index.php?rest_route=\/wp\/v2\/posts\/3785\/revisions\/3788"}],"wp:featuredmedia":[{"embeddable":true,"href":"https:\/\/pasaenmendoza.com\/index.php?rest_route=\/wp\/v2\/media\/3787"}],"wp:attachment":[{"href":"https:\/\/pasaenmendoza.com\/index.php?rest_route=%2Fwp%2Fv2%2Fmedia&parent=3785"}],"wp:term":[{"taxonomy":"category","embeddable":true,"href":"https:\/\/pasaenmendoza.com\/index.php?rest_route=%2Fwp%2Fv2%2Fcategories&post=3785"},{"taxonomy":"post_tag","embeddable":true,"href":"https:\/\/pasaenmendoza.com\/index.php?rest_route=%2Fwp%2Fv2%2Ftags&post=3785"}],"curies":[{"name":"wp","href":"https:\/\/api.w.org\/{rel}","templated":true}]}}