{"id":3786,"date":"2023-12-14T13:56:51","date_gmt":"2023-12-14T12:56:51","guid":{"rendered":"https:\/\/pasaenmendoza.com\/?p=3786"},"modified":"2023-12-14T13:56:52","modified_gmt":"2023-12-14T12:56:52","slug":"jueves-infernal-en-mendoza-calor-extremo-zonda-y-tormentas-con-posible-caida-de-granizo","status":"publish","type":"post","link":"https:\/\/pasaenmendoza.com\/?p=3786","title":{"rendered":"Jueves infernal en Mendoza: calor extremo, Zonda y tormentas con posible ca\u00edda de granizo"},"content":{"rendered":"\n<p>En medio de la ola de calor, este\u00a0<strong>jueves<\/strong>\u00a0se presenta en el Gran Mendoza con cielo despejado, muy caluroso y\u00a0<mark>doble\u00a0alerta amarilla por Zonda y tormentas, con posible ca\u00edda de granizo.<\/mark>\u00a0La m\u00ednima ser\u00e1 de 22 grados y\u00a0<mark>la m\u00e1xima de 39.<\/mark><\/p>\n\n\n\n<p>\u201cCaluroso a muy caluroso con nubosidad variable e inestable hacia la noche\u201d, inform\u00f3 el meteor\u00f3logo Fernando Jara.<\/p>\n\n\n\n<p>Desde\u00a0<strong>Defensa Civil<\/strong>\u00a0reportaron que el viento caliente se registrar\u00e1 en Malarg\u00fce, San Rafael, San Carlos y parte de General Alvear. Las r\u00e1fagas ir\u00e1n de moderadas a fuertes. En tanto, de menor intensidad en la precordillera, Uspallata, noroeste del Gran Mendoza y Lavalle.<\/p>\n\n\n\n<p>En lo que respecta a las tormentas, el organismo inform\u00f3 que podr\u00edan registrarse en la zona Este y Sur.<\/p>\n\n\n\n<p>Para el&nbsp;<strong>viernes<\/strong>&nbsp;se prev\u00e9 un d\u00eda \u201ccaluroso con nubosidad variable, vientos moderados del noreste\u201d.&nbsp;<mark>La m\u00ednima ser\u00e1 de 24 grados y la m\u00e1xima de 35.<\/mark><\/p>\n\n\n\n<p>El\u00a0<strong>s\u00e1bado<\/strong>\u00a0regresa el calor sofocante, con temperaturas que oscilar\u00e1n entre los\u00a0<mark>22 y los 43 grados.<\/mark><em>\u00a0\u201cMuy caluroso, sofocante. Viento Zonda en altura y tormentas hacia la noche\u201d,<\/em>\u00a0anticip\u00f3 Jara.<\/p>\n\n\n\n<p>El ingreso de un frente fr\u00edo provocar\u00e1 un descenso de la temperatura el domingo, con una m\u00ednima de 18 grados y una m\u00e1xima 30. \u201cInestable en la madrugada\u201d, explic\u00f3 el pronosticador.<\/p>\n\n\n\n<p><strong>La situaci\u00f3n en alta monta\u00f1a<\/strong><\/p>\n\n\n\n<p>El&nbsp;<strong>Sistema Integrado Cristo Redentor<\/strong>&nbsp;se encuentra<mark>&nbsp;habilitado<\/mark>&nbsp;para todo tipo de veh\u00edculos, durante las 24 horas.<\/p>\n\n\n\n<p>El\u00a0<strong>paso Pehuenche<\/strong>,\u00a0<mark>cerrado<\/mark>\u00a0hasta este viernes, el s\u00e1bado se reabre para todo tipo de veh\u00edculos.<\/p>\n\n\n\n<p><strong>Fuente: www.elsol.com.ar<\/strong><\/p>\n","protected":false},"excerpt":{"rendered":"<p>En medio de la ola de calor, este\u00a0jueves\u00a0se presenta en el Gran Mendoza con cielo despejado, muy caluroso y\u00a0doble\u00a0alerta amarilla por Zonda y tormentas, con posible ca\u00edda de granizo.\u00a0La m\u00ednima ser\u00e1 de 22 grados y\u00a0la m\u00e1xima de 39. \u201cCaluroso a muy caluroso con nubosidad variable e inestable hacia la noche\u201d, inform\u00f3 el meteor\u00f3logo Fernando Jara. [&hellip;]<\/p>\n","protected":false},"author":2,"featured_media":3793,"comment_status":"open","ping_status":"open","sticky":false,"template":"","format":"standard","meta":[],"categories":[52],"tags":[],"_links":{"self":[{"href":"https:\/\/pasaenmendoza.com\/index.php?rest_route=\/wp\/v2\/posts\/3786"}],"collection":[{"href":"https:\/\/pasaenmendoza.com\/index.php?rest_route=\/wp\/v2\/posts"}],"about":[{"href":"https:\/\/pasaenmendoza.com\/index.php?rest_route=\/wp\/v2\/types\/post"}],"author":[{"embeddable":true,"href":"https:\/\/pasaenmendoza.com\/index.php?rest_route=\/wp\/v2\/users\/2"}],"replies":[{"embeddable":true,"href":"https:\/\/pasaenmendoza.com\/index.php?rest_route=%2Fwp%2Fv2%2Fcomments&post=3786"}],"version-history":[{"count":1,"href":"https:\/\/pasaenmendoza.com\/index.php?rest_route=\/wp\/v2\/posts\/3786\/revisions"}],"predecessor-version":[{"id":3794,"href":"https:\/\/pasaenmendoza.com\/index.php?rest_route=\/wp\/v2\/posts\/3786\/revisions\/3794"}],"wp:featuredmedia":[{"embeddable":true,"href":"https:\/\/pasaenmendoza.com\/index.php?rest_route=\/wp\/v2\/media\/3793"}],"wp:attachment":[{"href":"https:\/\/pasaenmendoza.com\/index.php?rest_route=%2Fwp%2Fv2%2Fmedia&parent=3786"}],"wp:term":[{"taxonomy":"category","embeddable":true,"href":"https:\/\/pasaenmendoza.com\/index.php?rest_route=%2Fwp%2Fv2%2Fcategories&post=3786"},{"taxonomy":"post_tag","embeddable":true,"href":"https:\/\/pasaenmendoza.com\/index.php?rest_route=%2Fwp%2Fv2%2Ftags&post=3786"}],"curies":[{"name":"wp","href":"https:\/\/api.w.org\/{rel}","templated":true}]}}