{"id":3795,"date":"2023-12-14T14:01:39","date_gmt":"2023-12-14T13:01:39","guid":{"rendered":"https:\/\/pasaenmendoza.com\/?p=3795"},"modified":"2023-12-14T14:01:40","modified_gmt":"2023-12-14T13:01:40","slug":"las-claves-de-los-cambios-que-quiere-el-gobernador-alfredo-cornejo-en-la-nueva-gestion-de-osep","status":"publish","type":"post","link":"https:\/\/pasaenmendoza.com\/?p=3795","title":{"rendered":"Las claves de los cambios que quiere el gobernador Alfredo Cornejo en la nueva gesti\u00f3n de OSEP"},"content":{"rendered":"\n<p>Salud liderar\u00e1 un proceso de eficientizaci\u00f3n en los insumos y en los recursos humanos, teniendo en cuenta el momento cr\u00edtico en la econom\u00eda que impacta directamente en las prestaciones<\/p>\n\n\n\n<p>El\u00a0<strong>Gobierno de Mendoza<\/strong>\u00a0present\u00f3 este mi\u00e9rcoles la conformaci\u00f3n del nuevo equipo que estar\u00e1 a cargo del Ministerio de Salud y Deportes y en esta presentaci\u00f3n en sociedad, el gobernador\u00a0<strong>Alfredo Cornejo<\/strong>\u00a0anticip\u00f3 que se vienen cambios en la administraci\u00f3n de la\u00a0<strong>Obra Social de los Empleados P\u00fablicos (OSEP)<\/strong>, sobre todo en el manejo de los recursos en\u00a0<strong>tiempos cr\u00edticos.<\/strong><\/p>\n\n\n\n<p>Una de las claves que desliz\u00f3 es el protagonismo que<strong>&nbsp;tendr\u00e1 la cartera sanitaria en la adquisici\u00f3n de insumos y de compras en medicamentos, que si hasta ahora se hac\u00edan por separado, ahora cambiar\u00e1 para buscar mejores condiciones en el mercado.<\/strong><\/p>\n\n\n\n<p>Lo mismo ocurre con los insumos de&nbsp;<strong>importaci\u00f3n<\/strong>, los que desde hace algunos meses est\u00e1n complicando el trabajo de los cardi\u00f3logos, de los terapistas y \u00faltimamente de los nefr\u00f3logos.<\/p>\n\n\n\n<p>El tema ya se ven\u00eda instalado con el propio ministro de Salud,\u00a0<strong>Rodolfo Montero<\/strong>, quien se\u00f1al\u00f3 que\u00a0<strong>revisar\u00e1 gasto por gasto<\/strong>\u00a0en Salud a fin de reconducir recursos que no est\u00e9n bien empleados o que se puedan prescindir, como es el caso de algunos medicamentos sobre los que se debate su efectividad en el mundo acad\u00e9mico.<\/p>\n\n\n\n<p>Fuentes relacionadas al \u00e1rea sanitaria dieron cuenta que&nbsp;<strong>el actual titular de OSEP, Carlos Funes<\/strong>, podr\u00eda continuar en este cargo al menos hasta fin de a\u00f1o, donde se terminar\u00e1 de sondear c\u00f3mo es el impacto econ\u00f3mico de la bater\u00eda de medidas en la cobertura m\u00e1s importante de la provincia, junto al PAMI.<\/p>\n\n\n\n<p>Pero adem\u00e1s, resta conocer\u00a0<strong>c\u00f3mo evolucion\u00f3 la recaudaci\u00f3n con la implementaci\u00f3n de los\u00a0cambios en los aportes bajo la ley 9.458, con modificaciones en la Carta Org\u00e1nica de los Afiliados.<\/strong><\/p>\n\n\n\n<h2 class=\"wp-block-heading\">Bajo siete llaves<\/h2>\n\n\n\n<p>El Gobernador Cornejo, que es quien propondr\u00e1 al nuevo titular,&nbsp;<strong>tiene bajo siete llaves el nombre del postulante a conducir OSEP<\/strong>, incluso hay quienes<strong>&nbsp;especulan que Funes podr\u00eda seguir para dar continuidad a las reformas que se hicieron en la obra social.<\/strong><\/p>\n\n\n\n<p>En los primeros d\u00edas de enero podr\u00eda enviar la postulaci\u00f3n al Senado y en febrero se tratar\u00eda el pliego para el nuevo director, cargo que requiere acuerdo de la C\u00e1mara Alta.<\/p>\n\n\n\n<p>De todas maneras,\u00a0<strong>la idea del mandatario y del equipo de Salud es lograr una mayor homogeneidad en la manera de trabajar y gestionar los recursos limitados del Estado.<\/strong><\/p>\n\n\n\n<h2 class=\"wp-block-heading\"><strong>Sanear las cuentas de OSEP<\/strong><\/h2>\n\n\n\n<p>A principios de este a\u00f1o, se produjeron<strong>&nbsp;cambios en el sistema de aportes<\/strong>&nbsp;de los empleados por cada afiliado indirecto.<\/p>\n\n\n\n<p>La obra social ten\u00eda hasta ese momento un<strong>&nbsp;d\u00e9ficit de $6.000 millones<\/strong>. El Gobierno de Rodolfo Suarez tuvo que hacer aportes extraordinarios a OSEP, producto de esta crisis.<\/p>\n\n\n\n<p>Con un aumento en lo que contribuye por familiar a cargo, el objetivo era llegar a los&nbsp;<strong>$5 mil millones anuales para la recaudaci\u00f3n.<\/strong><\/p>\n\n\n\n<h2 class=\"wp-block-heading\">Insumos dolarizados<\/h2>\n\n\n\n<p>Ahora, el ministro de Gobierno, Infraestructura y Desarrollo Territorial,<strong>&nbsp;Natalio Mema<\/strong>, anticip\u00f3 que la fuerte devaluaci\u00f3n que se produjo al fijar el d\u00f3lar oficial a $800,&nbsp;<strong>generar\u00e1 un impacto econ\u00f3mico adverso, sobre todo para adquirir los insumos que est\u00e1n atados al precio de la divisa extranjera que cotiza en el mercado oficial.<\/strong><\/p>\n\n\n\n<p>El otro problema que tendr\u00e1n las cuentas de la provincia es que el presupuesto tambi\u00e9n sufrir\u00e1 una fuerte ca\u00edda del poder adquisitivo para hacer frente a las necesidades del sistema.<\/p>\n\n\n\n<p>Sobre este tema, tambi\u00e9n habl\u00f3 el<strong>&nbsp;jefe de Gabinete de Salud, Ariel Herrera<\/strong>, quien recalc\u00f3, &#8220;en este momento estamos en una etapa de&nbsp;<strong>evaluaci\u00f3n<\/strong>, la crisis afecta y mucho al sistema de salud, nosotros tenemos insumos dolarizados, por lo que la situaci\u00f3n del pa\u00eds no nos ayuda&#8221;.<\/p>\n\n\n\n<p>&#8220;Hoy sabemos perfectamente que la estrategia sanitaria est\u00e1 condicionada por la crisis econ\u00f3mica e iremos evaluando su impacto&#8221;, admiti\u00f3 el ex director del Hospital Central.<\/p>\n\n\n\n<p>FUENTE: Diariouno.com.ar<\/p>\n","protected":false},"excerpt":{"rendered":"<p>Salud liderar\u00e1 un proceso de eficientizaci\u00f3n en los insumos y en los recursos humanos, teniendo en cuenta el momento cr\u00edtico en la econom\u00eda que impacta directamente en las prestaciones El\u00a0Gobierno de Mendoza\u00a0present\u00f3 este mi\u00e9rcoles la conformaci\u00f3n del nuevo equipo que estar\u00e1 a cargo del Ministerio de Salud y Deportes y en esta presentaci\u00f3n en sociedad, [&hellip;]<\/p>\n","protected":false},"author":2,"featured_media":3797,"comment_status":"open","ping_status":"open","sticky":true,"template":"","format":"standard","meta":[],"categories":[47],"tags":[],"_links":{"self":[{"href":"https:\/\/pasaenmendoza.com\/index.php?rest_route=\/wp\/v2\/posts\/3795"}],"collection":[{"href":"https:\/\/pasaenmendoza.com\/index.php?rest_route=\/wp\/v2\/posts"}],"about":[{"href":"https:\/\/pasaenmendoza.com\/index.php?rest_route=\/wp\/v2\/types\/post"}],"author":[{"embeddable":true,"href":"https:\/\/pasaenmendoza.com\/index.php?rest_route=\/wp\/v2\/users\/2"}],"replies":[{"embeddable":true,"href":"https:\/\/pasaenmendoza.com\/index.php?rest_route=%2Fwp%2Fv2%2Fcomments&post=3795"}],"version-history":[{"count":1,"href":"https:\/\/pasaenmendoza.com\/index.php?rest_route=\/wp\/v2\/posts\/3795\/revisions"}],"predecessor-version":[{"id":3798,"href":"https:\/\/pasaenmendoza.com\/index.php?rest_route=\/wp\/v2\/posts\/3795\/revisions\/3798"}],"wp:featuredmedia":[{"embeddable":true,"href":"https:\/\/pasaenmendoza.com\/index.php?rest_route=\/wp\/v2\/media\/3797"}],"wp:attachment":[{"href":"https:\/\/pasaenmendoza.com\/index.php?rest_route=%2Fwp%2Fv2%2Fmedia&parent=3795"}],"wp:term":[{"taxonomy":"category","embeddable":true,"href":"https:\/\/pasaenmendoza.com\/index.php?rest_route=%2Fwp%2Fv2%2Fcategories&post=3795"},{"taxonomy":"post_tag","embeddable":true,"href":"https:\/\/pasaenmendoza.com\/index.php?rest_route=%2Fwp%2Fv2%2Ftags&post=3795"}],"curies":[{"name":"wp","href":"https:\/\/api.w.org\/{rel}","templated":true}]}}