{"id":3796,"date":"2023-12-14T14:02:02","date_gmt":"2023-12-14T13:02:02","guid":{"rendered":"https:\/\/pasaenmendoza.com\/?p=3796"},"modified":"2023-12-14T14:02:03","modified_gmt":"2023-12-14T13:02:03","slug":"el-gobierno-echo-a-una-psicologa-que-habria-tenido-conductas-indebidas-con-presos","status":"publish","type":"post","link":"https:\/\/pasaenmendoza.com\/?p=3796","title":{"rendered":"El Gobierno ech\u00f3 a una psic\u00f3loga que habr\u00eda tenido conductas indebidas con presos"},"content":{"rendered":"\n<p><strong>Mar\u00eda Soledad Turela es psic\u00f3loga y se desempe\u00f1aba en el Servicio Penitenciario de Mendoza<\/strong>. A principios del a\u00f1o 2022 fue echada del Estado provincial por las autoridades por diferentes irregularidades que la profesional habr\u00eda cometido.<\/p>\n\n\n\n<p>En ese entonces, la Oficial Subadjutor impuso un recurso administrativo para apelar la Resoluci\u00f3n N\u00b0 0172-S de fecha 01\/02\/22, emitida por el Ministerio de Seguridad.<\/p>\n\n\n\n<p>Finalmente, el pasado 30 de noviembre,\u00a0<strong>mediante un decreto firmado por el ex gobernador Rodolfo Suarez, se oficializ\u00f3 su despido del Servicio Penitenciario<\/strong>. En la medida, se confirma en todas sus partes, por los motivos expuestos en varios considerandos previamente el despido de la profesional.<\/p>\n\n\n\n<p>El decreto firmado por el entonces gobernador Rodolfo Suarez, se\u00f1alaba que se dispuso aplicarle a la profesional la sanci\u00f3n expulsiva de Cesant\u00eda sujeta a Exoneraci\u00f3n por la comisi\u00f3n de la falta prevista en el art. 8 incisos a) y l), art. 9 incisos a) y d) de la Ley N\u00b0 7493 con el agravante del art. 198 incisos 3), 5) y 11) de la Resoluci\u00f3n N\u00b0 143-T (R\u00e9gimen Disciplinario Penitenciario).<\/p>\n\n\n\n<p><strong>Se trata de faltas graves en la conducta del personal de Servicio Penitenciario<\/strong>. Por ejemplo, entre algunas de las faltas, se detalla que la ley N\u00b07439 establece, en su art\u00edculo 9 inciso a, que queda expresamente prohibido a los agentes penitenciarios en perjuicio de lo que establezcan las leyes y reglamentos, toda negociaci\u00f3n en forma gratuita y onerosa con los recluidos o parientes hasta 2\u00b0 grado y\/o c\u00f3nyuge o concubina, ya sea compra, venta, pr\u00e9stamo o cualquier otra operaci\u00f3n en inter\u00e9s personal de terceros.<\/p>\n\n\n\n<p>Mientras que el inciso d, implica una prohibici\u00f3n para emplear a los internos en sus servicios particulares, hacer servir para su uso personal objeto alguno del establecimiento que no est\u00e1 destinado para ello. Encargarse de forma onerosa o gratuita de comisiones de los internos, llevar o traer de o para los mismos cualquier objeto, como servirles de intermediario para comunicaciones escritas o verbales con terceros, dar noticias y, en general, de todo acto que importe una relaci\u00f3n no autorizada por el reglamento.<\/p>\n\n\n\n<p>Con este decreto publicado este jueves 14 de diciembre, se confirma la cesant\u00eda por exoneraci\u00f3n de esta psic\u00f3loga que trabajaba en el Servicio Penitenciario Provincial.\u00a0<\/p>\n\n\n\n<p><strong>Fuente: www.mendozapost.com<\/strong><\/p>\n","protected":false},"excerpt":{"rendered":"<p>Mar\u00eda Soledad Turela es psic\u00f3loga y se desempe\u00f1aba en el Servicio Penitenciario de Mendoza. A principios del a\u00f1o 2022 fue echada del Estado provincial por las autoridades por diferentes irregularidades que la profesional habr\u00eda cometido. En ese entonces, la Oficial Subadjutor impuso un recurso administrativo para apelar la Resoluci\u00f3n N\u00b0 0172-S de fecha 01\/02\/22, emitida [&hellip;]<\/p>\n","protected":false},"author":2,"featured_media":3799,"comment_status":"open","ping_status":"open","sticky":false,"template":"","format":"standard","meta":[],"categories":[48],"tags":[],"_links":{"self":[{"href":"https:\/\/pasaenmendoza.com\/index.php?rest_route=\/wp\/v2\/posts\/3796"}],"collection":[{"href":"https:\/\/pasaenmendoza.com\/index.php?rest_route=\/wp\/v2\/posts"}],"about":[{"href":"https:\/\/pasaenmendoza.com\/index.php?rest_route=\/wp\/v2\/types\/post"}],"author":[{"embeddable":true,"href":"https:\/\/pasaenmendoza.com\/index.php?rest_route=\/wp\/v2\/users\/2"}],"replies":[{"embeddable":true,"href":"https:\/\/pasaenmendoza.com\/index.php?rest_route=%2Fwp%2Fv2%2Fcomments&post=3796"}],"version-history":[{"count":1,"href":"https:\/\/pasaenmendoza.com\/index.php?rest_route=\/wp\/v2\/posts\/3796\/revisions"}],"predecessor-version":[{"id":3800,"href":"https:\/\/pasaenmendoza.com\/index.php?rest_route=\/wp\/v2\/posts\/3796\/revisions\/3800"}],"wp:featuredmedia":[{"embeddable":true,"href":"https:\/\/pasaenmendoza.com\/index.php?rest_route=\/wp\/v2\/media\/3799"}],"wp:attachment":[{"href":"https:\/\/pasaenmendoza.com\/index.php?rest_route=%2Fwp%2Fv2%2Fmedia&parent=3796"}],"wp:term":[{"taxonomy":"category","embeddable":true,"href":"https:\/\/pasaenmendoza.com\/index.php?rest_route=%2Fwp%2Fv2%2Fcategories&post=3796"},{"taxonomy":"post_tag","embeddable":true,"href":"https:\/\/pasaenmendoza.com\/index.php?rest_route=%2Fwp%2Fv2%2Ftags&post=3796"}],"curies":[{"name":"wp","href":"https:\/\/api.w.org\/{rel}","templated":true}]}}