{"id":3806,"date":"2023-12-14T14:12:56","date_gmt":"2023-12-14T13:12:56","guid":{"rendered":"https:\/\/pasaenmendoza.com\/?p=3806"},"modified":"2023-12-14T14:12:56","modified_gmt":"2023-12-14T13:12:56","slug":"farmaceuticos-de-mendoza-alertan-sobre-crisis-del-sector","status":"publish","type":"post","link":"https:\/\/pasaenmendoza.com\/?p=3806","title":{"rendered":"Farmac\u00e9uticos de Mendoza alertan sobre crisis del sector"},"content":{"rendered":"\n<p>El sector<strong>&nbsp;farmac\u00e9utico<\/strong>&nbsp;de&nbsp;<strong>Mendoza&nbsp;<\/strong>enfrenta una situaci\u00f3n&nbsp;<strong>cr\u00edtica&nbsp;<\/strong>debido a un marcado aumento en los precios de los medicamentos, un fen\u00f3meno que amenaza no solo a las farmacias sino tambi\u00e9n a la viabilidad de los esquemas de seguridad social en la provincia.<\/p>\n\n\n\n<p>Seg\u00fan datos aportados por el<strong>\u00a0Colegio Farmac\u00e9utico de Mendoza<\/strong>, los precios de los medicamentos experimentaron un incremento alarmante del 40% durante el mes de noviembre. Este aumento, lejos de ser un evento aislado, forma parte de una tendencia que podr\u00eda continuar en los pr\u00f3ximos meses, con m\u00e1s subas anticipadas en el horizonte.<\/p>\n\n\n\n<p>Este panorama ha generado una profunda preocupaci\u00f3n entre los profesionales y las autoridades del sector. Los&nbsp;<strong>farmac\u00e9uticos<\/strong>&nbsp;<strong>mendocinos&nbsp;<\/strong>han expresado su incertidumbre respecto a cu\u00e1nto tiempo podr\u00e1n sostener el financiamiento de la seguridad social bajo estas condiciones econ\u00f3micas. La escalada de precios pone en jaque no solo la salud financiera de las&nbsp;<strong>farmacias&nbsp;<\/strong>sino tambi\u00e9n el acceso a medicamentos esenciales para la poblaci\u00f3n, especialmente para aquellos que dependen de la cobertura de la seguridad social.<\/p>\n\n\n\n<p>El Colegio<strong>\u00a0Farmac\u00e9utico\u00a0<\/strong>ha hecho un llamado a las autoridades pertinentes para que se tomen medidas urgentes que mitiguen este impacto. La situaci\u00f3n requiere una respuesta coordinada que involucre a todos los actores del sector, incluyendo a los proveedores de medicamentos, las autoridades de salud y los representantes del gobierno, para asegurar que los ciudadanos de\u00a0<strong>Mendoza<\/strong>\u00a0puedan continuar accediendo a los tratamientos m\u00e9dicos que necesitan.<\/p>\n\n\n\n<p>Mientras tanto, la comunidad\u00a0<strong>farmac\u00e9utica<\/strong>\u00a0y los pacientes se mantienen en alerta, esperando soluciones que puedan revertir o al menos amortiguar este preocupante incremento en los costos de los medicamentos, esencial para garantizar la salud y el bienestar de la poblaci\u00f3n mendocina.<\/p>\n\n\n\n<p><strong>Fuente: www.diariomendoza.com.ar<\/strong><\/p>\n","protected":false},"excerpt":{"rendered":"<p>El sector&nbsp;farmac\u00e9utico&nbsp;de&nbsp;Mendoza&nbsp;enfrenta una situaci\u00f3n&nbsp;cr\u00edtica&nbsp;debido a un marcado aumento en los precios de los medicamentos, un fen\u00f3meno que amenaza no solo a las farmacias sino tambi\u00e9n a la viabilidad de los esquemas de seguridad social en la provincia. Seg\u00fan datos aportados por el\u00a0Colegio Farmac\u00e9utico de Mendoza, los precios de los medicamentos experimentaron un incremento alarmante del [&hellip;]<\/p>\n","protected":false},"author":2,"featured_media":3807,"comment_status":"open","ping_status":"open","sticky":false,"template":"","format":"standard","meta":[],"categories":[58],"tags":[],"_links":{"self":[{"href":"https:\/\/pasaenmendoza.com\/index.php?rest_route=\/wp\/v2\/posts\/3806"}],"collection":[{"href":"https:\/\/pasaenmendoza.com\/index.php?rest_route=\/wp\/v2\/posts"}],"about":[{"href":"https:\/\/pasaenmendoza.com\/index.php?rest_route=\/wp\/v2\/types\/post"}],"author":[{"embeddable":true,"href":"https:\/\/pasaenmendoza.com\/index.php?rest_route=\/wp\/v2\/users\/2"}],"replies":[{"embeddable":true,"href":"https:\/\/pasaenmendoza.com\/index.php?rest_route=%2Fwp%2Fv2%2Fcomments&post=3806"}],"version-history":[{"count":1,"href":"https:\/\/pasaenmendoza.com\/index.php?rest_route=\/wp\/v2\/posts\/3806\/revisions"}],"predecessor-version":[{"id":3808,"href":"https:\/\/pasaenmendoza.com\/index.php?rest_route=\/wp\/v2\/posts\/3806\/revisions\/3808"}],"wp:featuredmedia":[{"embeddable":true,"href":"https:\/\/pasaenmendoza.com\/index.php?rest_route=\/wp\/v2\/media\/3807"}],"wp:attachment":[{"href":"https:\/\/pasaenmendoza.com\/index.php?rest_route=%2Fwp%2Fv2%2Fmedia&parent=3806"}],"wp:term":[{"taxonomy":"category","embeddable":true,"href":"https:\/\/pasaenmendoza.com\/index.php?rest_route=%2Fwp%2Fv2%2Fcategories&post=3806"},{"taxonomy":"post_tag","embeddable":true,"href":"https:\/\/pasaenmendoza.com\/index.php?rest_route=%2Fwp%2Fv2%2Ftags&post=3806"}],"curies":[{"name":"wp","href":"https:\/\/api.w.org\/{rel}","templated":true}]}}