{"id":3825,"date":"2023-12-15T13:35:45","date_gmt":"2023-12-15T12:35:45","guid":{"rendered":"https:\/\/pasaenmendoza.com\/?p=3825"},"modified":"2023-12-15T13:35:46","modified_gmt":"2023-12-15T12:35:46","slug":"delincuentes-robaron-en-una-escuela-de-jovenes-adultos-en-guaymallen","status":"publish","type":"post","link":"https:\/\/pasaenmendoza.com\/?p=3825","title":{"rendered":"Delincuentes robaron en una escuela de j\u00f3venes adultos en Guaymall\u00e9n"},"content":{"rendered":"\n<p>Delincuentes robaron la madrugada de este jueves en una escuela para j\u00f3venes adultos de&nbsp;<strong>Guaymall\u00e9n<\/strong>. Se llevaron diferentes elementos de valor y no hubo detenidos.<\/p>\n\n\n\n<p>Faltaban algunos minutos para las 9 cuando polic\u00edas se dirigieron hasta el&nbsp;<strong>Cebja N\u00ba 3-239 Supervisora Mar\u00eda Magdalena Far\u00edas<\/strong>, ubicado en calles Saravia y Jos\u00e9 Hern\u00e1ndez del&nbsp;<strong>barrio Villa Paquita<\/strong>,&nbsp;<strong>El Bermejo<\/strong>.<\/p>\n\n\n\n<p>Al llegar, entrevistaron a un celador, de 44 a\u00f1os, quien les explic\u00f3 que lleg\u00f3 a las 6.30 para trabajar en el establecimiento y not\u00f3 que\u00a0<mark>las puertas del patio y de la Direcci\u00f3n estaban abiertas.<\/mark><\/p>\n\n\n\n<p>Luego de revisar las instalaciones, constat\u00f3 el faltante de&nbsp;<mark>una netbook, as\u00ed como tambi\u00e9n una pava el\u00e9ctrica y una bolsa con tazas de pl\u00e1stico sustra\u00eddas de la cocina y un inodoro de los ba\u00f1os<\/mark>.<\/p>\n\n\n\n<p>Al parecer, el hecho se habr\u00eda producido en horas de la madrugada, detallaron las fuentes policiales. Minutos despu\u00e9s arrib\u00f3 la directora y radic\u00f3 la denuncia correspondiente.\u00a0<\/p>\n\n\n\n<p><strong>Fuente: www.elsol.com.ar<\/strong><\/p>\n","protected":false},"excerpt":{"rendered":"<p>Delincuentes robaron la madrugada de este jueves en una escuela para j\u00f3venes adultos de&nbsp;Guaymall\u00e9n. Se llevaron diferentes elementos de valor y no hubo detenidos. Faltaban algunos minutos para las 9 cuando polic\u00edas se dirigieron hasta el&nbsp;Cebja N\u00ba 3-239 Supervisora Mar\u00eda Magdalena Far\u00edas, ubicado en calles Saravia y Jos\u00e9 Hern\u00e1ndez del&nbsp;barrio Villa Paquita,&nbsp;El Bermejo. Al llegar, [&hellip;]<\/p>\n","protected":false},"author":2,"featured_media":3829,"comment_status":"open","ping_status":"open","sticky":false,"template":"","format":"standard","meta":[],"categories":[48],"tags":[],"_links":{"self":[{"href":"https:\/\/pasaenmendoza.com\/index.php?rest_route=\/wp\/v2\/posts\/3825"}],"collection":[{"href":"https:\/\/pasaenmendoza.com\/index.php?rest_route=\/wp\/v2\/posts"}],"about":[{"href":"https:\/\/pasaenmendoza.com\/index.php?rest_route=\/wp\/v2\/types\/post"}],"author":[{"embeddable":true,"href":"https:\/\/pasaenmendoza.com\/index.php?rest_route=\/wp\/v2\/users\/2"}],"replies":[{"embeddable":true,"href":"https:\/\/pasaenmendoza.com\/index.php?rest_route=%2Fwp%2Fv2%2Fcomments&post=3825"}],"version-history":[{"count":1,"href":"https:\/\/pasaenmendoza.com\/index.php?rest_route=\/wp\/v2\/posts\/3825\/revisions"}],"predecessor-version":[{"id":3830,"href":"https:\/\/pasaenmendoza.com\/index.php?rest_route=\/wp\/v2\/posts\/3825\/revisions\/3830"}],"wp:featuredmedia":[{"embeddable":true,"href":"https:\/\/pasaenmendoza.com\/index.php?rest_route=\/wp\/v2\/media\/3829"}],"wp:attachment":[{"href":"https:\/\/pasaenmendoza.com\/index.php?rest_route=%2Fwp%2Fv2%2Fmedia&parent=3825"}],"wp:term":[{"taxonomy":"category","embeddable":true,"href":"https:\/\/pasaenmendoza.com\/index.php?rest_route=%2Fwp%2Fv2%2Fcategories&post=3825"},{"taxonomy":"post_tag","embeddable":true,"href":"https:\/\/pasaenmendoza.com\/index.php?rest_route=%2Fwp%2Fv2%2Ftags&post=3825"}],"curies":[{"name":"wp","href":"https:\/\/api.w.org\/{rel}","templated":true}]}}