{"id":3828,"date":"2023-12-15T13:37:57","date_gmt":"2023-12-15T12:37:57","guid":{"rendered":"https:\/\/pasaenmendoza.com\/?p=3828"},"modified":"2023-12-15T13:37:58","modified_gmt":"2023-12-15T12:37:58","slug":"la-era-milei-y-su-impacto-en-mendoza","status":"publish","type":"post","link":"https:\/\/pasaenmendoza.com\/?p=3828","title":{"rendered":"La era Milei y su impacto en Mendoza"},"content":{"rendered":"\n<p>Los mendocinos, como el resto de los argentinos, claramente, han ingresado con un asombro impactante en la&nbsp;<strong><em>Era Milei<\/em><\/strong>: la carne, el pollo, la leche, el pan, las verduras y las frutas se han ido, de golpe y en un santiam\u00e9n, a valores siderales. El combustible casi ha duplicado su precio en menos de una semana y la preocupaci\u00f3n por lo que viene, en lo inmediato: la organizaci\u00f3n y planificaci\u00f3n de las Fiestas de fin de a\u00f1o y el armado de la mesa familiar. En lo mediato y, con la vista un poco m\u00e1s all\u00e1, la intriga parece posarse en el arranque de las clases, en la canasta escolar y en el pa\u00eds que tendremos en ese primer trimestre del clave a\u00f1o n\u00famero uno del nuevo gobierno nacional. Los comentarios levantados por los cronistas de los canales de TV y radio en las estaciones de servicio, en los s\u00faper y comercios de cercan\u00eda dan cuenta de la zozobra colectiva, pero as\u00ed tambi\u00e9n de la apuesta esperanzadora que une a la mayor\u00eda a favor de un acierto del libertario para un mediano plazo.<\/p>\n\n\n\n<p>Y entre todo el universo nacional, quiz\u00e1s sean los mendocinos los menos sorprendidos o movilizados, que en verdad lo est\u00e1n, por las medidas que va tomando el nuevo gobierno. Mendoza tiene problemas estructurales directamente vinculados con la lastimosa marcha de su econom\u00eda, aquella que a\u00f1os atr\u00e1s alcanzaba para darle \u2013aunque fuesen m\u00ednimas respuestas\u2013 satisfacciones y beneficios a la fuerza laboral. Es por all\u00ed, por las reformas y cambios que pueda imprimirle Milei y su equipo al rumbo del Estado y a la reactivaci\u00f3n de la maquinaria que crea y genera riqueza porque, por ese lado, est\u00e1 el camino del nuevo empleo, genuino y bien pago. La expectativa, quiz\u00e1s de manera inconsciente, por el lado del mendocino medio, informado o no, est\u00e1 puesta m\u00e1s que nada en la estabilizaci\u00f3n de la econom\u00eda, en un plan en ese sentido, m\u00e1s que por las extraordinarias medidas de car\u00e1cter fiscal y de ajuste que anunci\u00f3&nbsp;<strong>Luis Caputo<\/strong>, el ministro de Econom\u00eda, el martes, o las de las in\u00e9ditas y espectaculares acciones que tomar\u00e1 el Gobierno para impedir la protesta social o los piquetes con cortes de rutas que ha dado a conocer la ministra de Seguridad, Patricia Bullrich.<\/p>\n\n\n\n<p>En Mendoza, m\u00e1s all\u00e1 de que se haya cumplido \u2013todo indica que efectivamente se ha ido en ese sentido\u2013, ocho a\u00f1os atr\u00e1s comenz\u00f3 a implementarse un plan de reforma del Estado en materia del gasto fiscal similar, en proporci\u00f3n, claramente, a lo anunciado por\u00a0<strong>Caputo<\/strong>. Los mendocinos saben \u2013o al menos conocen vagamente, pero tienen idea de lo que se habla\u2013, cuando se les comunica reducci\u00f3n del gasto o eso de ce\u00f1irse y adaptarse a los recursos con que se cuenta. La planta de personal en el Estado, que a mediados de la d\u00e9cada pasada, alrededor del 2011, alcanzaba su m\u00e1xima expresi\u00f3n, comenz\u00f3 a reducirse cuando se tom\u00f3 la decisi\u00f3n de no remplazar las vacancias naturales que se fueron dando por jubilaci\u00f3n o renuncias. Por lo general, porque existen excepciones, todo el personal p\u00fablico est\u00e1 en funciones presencialmente, y el que no trabaja, siempre y cuando lo descubran en la tramoya, no cobra. Y si falta insistentemente, se activa un mecanismo normal y habitual para despedirlo. Hay muchos casos de esos por a\u00f1o. En Mendoza se conoce, a grandes rasgos, que antes que la inflaci\u00f3n, la deuda y el d\u00f3lar, se deben atacar las cuestiones del d\u00e9ficit, el origen de la mayor\u00eda de los males que afectan el buen funcionamiento del Estado. En t\u00e9rminos generales, es as\u00ed. Por eso, m\u00e1s que las medidas de Caputo, las que por supuesto han tenido sus consecuencias en la disparada de los precios m\u00e1s sensibles de la econom\u00eda ordinaria por la devaluaci\u00f3n y el levantamiento de los controles de todo tipo, lo que se est\u00e1 aguardando con tensi\u00f3n es el plan estructural, el del paquete de leyes \u00f3mnibus, que podr\u00eda conocerse desde el lunes en adelante.<\/p>\n\n\n\n<p>En la misma l\u00ednea y, quiz\u00e1s, de manera mucho m\u00e1s marcada que con las medidas econ\u00f3micas, impactan en Mendoza las decisiones asumidas por el gobierno de Milei frente a las protestas callejeras de las organizaciones sociales y piqueteras. \u201cEl que las hace las paga\u201d, o \u201cel que corta no cobra\u201d, con los que Bullrich dio paso a una supuestamente firme disposici\u00f3n de impedir a partir de ahora los cortes de las rutas y avenidas durante las manifestaciones, en Mendoza bien puede traducirse como que \u201cel que corta va preso\u201d, como ha ocurrido con los dirigentes del Polo Obrero que ignoraron el C\u00f3digo de Convivencia Urbana que est\u00e1 vigente en Ciudad.<\/p>\n\n\n\n<p>No ha sorprendido, adem\u00e1s, lo dicho anteriormente por Milei respecto del freno a la obra p\u00fablica nacional en todo el territorio, porque eso opera de hecho desde varios meses en&nbsp;<strong>Mendoza&nbsp;<\/strong>con los tres o cuatro emprendimientos que existen de los m\u00e1s importantes, o aquello de la suspensi\u00f3n del env\u00edo de las partidas no autom\u00e1ticas y discrecionales, porque su relevancia en la Provincia ha sido casi nula, no superando siquiera los 15.000 millones de pesos anuales frente a escandalosas cifras destinadas a otros Estados.<\/p>\n\n\n\n<p>Con lo que, bien puede decirse que los mendocinos aguardan conocer el paquete de medidas de fondo que podr\u00edan poner en camino de estabilizaci\u00f3n y normalizaci\u00f3n a la econom\u00eda tras un doloroso trance que reci\u00e9n parece estar empezando. Por lo dem\u00e1s, hace rato que, no s\u00f3lo la naci\u00f3n, sino aquellas otras provincias acostumbradas a administraciones dispendiosas, populistas y feudales, deber\u00edan haber transcurrido por reformas y cambios de rumbos que se ven como inciertos y hasta estramb\u00f3ticos, pero que no son m\u00e1s que la aplicaci\u00f3n de un poco de sentido com\u00fan, nada m\u00e1s.<\/p>\n\n\n\n<p>FUENTE: elsol.com.ar <\/p>\n","protected":false},"excerpt":{"rendered":"<p>Los mendocinos, como el resto de los argentinos, claramente, han ingresado con un asombro impactante en la&nbsp;Era Milei: la carne, el pollo, la leche, el pan, las verduras y las frutas se han ido, de golpe y en un santiam\u00e9n, a valores siderales. El combustible casi ha duplicado su precio en menos de una semana [&hellip;]<\/p>\n","protected":false},"author":2,"featured_media":3831,"comment_status":"open","ping_status":"open","sticky":true,"template":"","format":"standard","meta":[],"categories":[47],"tags":[],"_links":{"self":[{"href":"https:\/\/pasaenmendoza.com\/index.php?rest_route=\/wp\/v2\/posts\/3828"}],"collection":[{"href":"https:\/\/pasaenmendoza.com\/index.php?rest_route=\/wp\/v2\/posts"}],"about":[{"href":"https:\/\/pasaenmendoza.com\/index.php?rest_route=\/wp\/v2\/types\/post"}],"author":[{"embeddable":true,"href":"https:\/\/pasaenmendoza.com\/index.php?rest_route=\/wp\/v2\/users\/2"}],"replies":[{"embeddable":true,"href":"https:\/\/pasaenmendoza.com\/index.php?rest_route=%2Fwp%2Fv2%2Fcomments&post=3828"}],"version-history":[{"count":1,"href":"https:\/\/pasaenmendoza.com\/index.php?rest_route=\/wp\/v2\/posts\/3828\/revisions"}],"predecessor-version":[{"id":3832,"href":"https:\/\/pasaenmendoza.com\/index.php?rest_route=\/wp\/v2\/posts\/3828\/revisions\/3832"}],"wp:featuredmedia":[{"embeddable":true,"href":"https:\/\/pasaenmendoza.com\/index.php?rest_route=\/wp\/v2\/media\/3831"}],"wp:attachment":[{"href":"https:\/\/pasaenmendoza.com\/index.php?rest_route=%2Fwp%2Fv2%2Fmedia&parent=3828"}],"wp:term":[{"taxonomy":"category","embeddable":true,"href":"https:\/\/pasaenmendoza.com\/index.php?rest_route=%2Fwp%2Fv2%2Fcategories&post=3828"},{"taxonomy":"post_tag","embeddable":true,"href":"https:\/\/pasaenmendoza.com\/index.php?rest_route=%2Fwp%2Fv2%2Ftags&post=3828"}],"curies":[{"name":"wp","href":"https:\/\/api.w.org\/{rel}","templated":true}]}}