{"id":3834,"date":"2023-12-15T13:44:51","date_gmt":"2023-12-15T12:44:51","guid":{"rendered":"https:\/\/pasaenmendoza.com\/?p=3834"},"modified":"2023-12-15T13:44:52","modified_gmt":"2023-12-15T12:44:52","slug":"ocho-anos-despues-de-ser-ministro-de-salud-renuncio-matias-roby","status":"publish","type":"post","link":"https:\/\/pasaenmendoza.com\/?p=3834","title":{"rendered":"Ocho a\u00f1os despu\u00e9s de ser ministro de Salud, renunci\u00f3 Mat\u00edas Roby"},"content":{"rendered":"\n<p>Por estos d\u00edas, en el Bolet\u00edn Oficial de Mendoza se publican las renuncias de los ministros de Rodolfo Suarez que no seguir\u00e1n en sus cargos, entre otros funcionarios. No ocurri\u00f3 as\u00ed con\u00a0Mat\u00edas Roby\u00a0en su momento, cuando dej\u00f3 de ser funcionario de Francisco P\u00e9rez en 2015:\u00a0<strong>reci\u00e9n hoy, ocho a\u00f1os despu\u00e9s, present\u00f3 su renuncia al cargo de planta permanente que ten\u00eda en el Estado.<\/strong><\/p>\n\n\n\n<p>Si bien en el decreto no se explicita las razones de la renunciada presentada por Roby, el m\u00e9dico, reconocido en el \u00e1mbito deportivo, estar\u00eda viviendo&nbsp;<strong>afuera de Argentina<\/strong>, lo que le imped\u00eda justificar su permanencia como personal de revista del Ministerio de Salud.<\/p>\n\n\n\n<p>&#8220;<em>T\u00e9ngase por aceptada, a partir del 4 de julio de 2023, la renuncia presentada por el profesional que a continuaci\u00f3n se menciona, al cargo que se consigna, de la dependencia que se especifica: JURISDICCI\u00d3N 08 &#8211; CAR\u00c1CTER 1 SUBSECRETAR\u00cdA DE SALUD &#8211; UNIDAD ORGANIZATIVA 75 CLASE 008 &#8211; C\u00f3d. 27-3-04-01 &#8211; M\u00e9dico. Dr. MATIAS ERNESTO ROBY, clase 1967, DNI N\u00ba 18.391.294, CUIL N\u00b0 20-18391294-2<\/em>&#8220;, dice el decreto firmado por el exgobernador Rodolfo Suarez, publicado en el Bolet\u00edn Oficial de Mendoza.<\/p>\n\n\n\n<p><strong>Roby<\/strong>&nbsp;fue&nbsp;<strong>ministro de Salud de Mendoza<\/strong>&nbsp;durante gran parte de la gesti\u00f3n del exgobernador Francisco P\u00e9rez. Entre 2014 y 2015, acordaron que impulsar\u00edan la campa\u00f1a del m\u00e9dico como candidato a gobernador. Sin embargo, P\u00e9rez termin\u00f3 dando marcha atr\u00e1s y Roby peg\u00f3 el portazo, dando por terminada una amistad de a\u00f1os.<\/p>\n\n\n\n<p>En aquel 2015,\u00a0<strong>Roby igual intentar\u00eda ser gobernador<\/strong>, pero quedar\u00eda tercero en las PASO del peronismo detr\u00e1s de Adolfo Bermejo y Guillermo Carmona. Un dato curioso es que los &#8220;compa\u00f1eros&#8221; que terminaron impulsando a Roby hoy est\u00e1n dentro de La Uni\u00f3n Mendocina, como Jos\u00e9 Escoda y Ariel Pringles.<\/p>\n\n\n\n<p>Luego, en 2019,\u00a0Roby ir\u00eda a juicio por fraude al Estado, al haber faltado 171 d\u00edas al trabajo que ten\u00eda en el Ministerio de Salud, antes de ser ministro. La Justicia lo absolvi\u00f3 porque los magistrados consideraron que ten\u00eda un r\u00e9gimen laboral &#8220;especial&#8221;, por lo cual no era necesario que concurra a su lugar de trabajo.<\/p>\n\n\n\n<p>El decreto:<\/p>\n\n\n\n<p>Visto el expediente EX-2023-04977092&#8211;GDEMZA-MSDSYD, en el cual obra la renuncia presentada por el Dr. MATIAS ERNESTO ROBY, a su cargo en la Subsecretar\u00eda de Salud del Ministerio; y<\/p>\n\n\n\n<p>CONSIDERANDO:<\/p>\n\n\n\n<p>Que en orden 02 obra la renuncia, presentada por el Dr. Mat\u00edas Ernesto Roby, a su cargo de revista, a partir del 04 de julio de 2023;<\/p>\n\n\n\n<p>Por ello, en raz\u00f3n de lo informado por la Subdirecci\u00f3n de Personal, la intervenci\u00f3n de la Direcci\u00f3n General de Recursos Humanos, la conformidad de la Subsecretar\u00eda de Salud y lo dictaminado por la Subdirecci\u00f3n de Asesor\u00eda Letrada del Ministerio de Salud, Desarrollo Social y Deportes, de conformidad con lo establecido en el Decreto-Ley N\u00b0 560\/73;<\/p>\n\n\n\n<p><strong>EL<\/strong><\/p>\n\n\n\n<p><strong>GOBERNADOR DE LA PROVINCIA<\/strong><\/p>\n\n\n\n<p><strong>DECRETA:<\/strong><\/p>\n\n\n\n<p>Art\u00edculo 1\u00b0- T\u00e9ngase por aceptada, a partir del 04 de julio de 2023, la renuncia presentada por el profesional que a continuaci\u00f3n se menciona, al cargo que se consigna, de la dependencia que se especifica:<\/p>\n\n\n\n<p>JURISDICCI\u00d3N 08 &#8211; CAR\u00c1CTER 1<\/p>\n\n\n\n<p>SUBSECRETAR\u00cdA DE SALUD &#8211; UNIDAD ORGANIZATIVA 75<\/p>\n\n\n\n<p>CLASE 008 &#8211; C\u00f3d. 27-3-04-01 &#8211; M\u00e9dico.<\/p>\n\n\n\n<p>Dr. MATIAS ERNESTO ROBY, clase 1967, DNI N\u00ba 18.391.294, CUIL N\u00b0 20-18391294-2.<\/p>\n\n\n\n<p>Art\u00edculo 2\u00ba- Notif\u00edquese el presente decreto a la Direcci\u00f3n General de Recursos Humanos, dependiente de la Subsecretar\u00eda de Gesti\u00f3n P\u00fablica y Modernizaci\u00f3n del Estado del Ministerio de Gobierno, Trabajo y Justicia, a fin que proceda a tomar conocimiento y realizar la correspondiente actualizaci\u00f3n de registros.<\/p>\n\n\n\n<p>Art\u00edculo 3\u00ba- Comun\u00edquese, publ\u00edquese, d\u00e9se al Registro Oficial y arch\u00edvese.<\/p>\n\n\n\n<p><strong>DR. RODOLFO ALEJANDRO SUAREZ<\/strong><\/p>\n\n\n\n<p>FARM. ANA MAR\u00cdA NADAL<\/p>\n\n\n\n<p>FUENTE: Mendozapost.<\/p>\n","protected":false},"excerpt":{"rendered":"<p>Por estos d\u00edas, en el Bolet\u00edn Oficial de Mendoza se publican las renuncias de los ministros de Rodolfo Suarez que no seguir\u00e1n en sus cargos, entre otros funcionarios. No ocurri\u00f3 as\u00ed con\u00a0Mat\u00edas Roby\u00a0en su momento, cuando dej\u00f3 de ser funcionario de Francisco P\u00e9rez en 2015:\u00a0reci\u00e9n hoy, ocho a\u00f1os despu\u00e9s, present\u00f3 su renuncia al cargo de [&hellip;]<\/p>\n","protected":false},"author":2,"featured_media":3835,"comment_status":"open","ping_status":"open","sticky":true,"template":"","format":"standard","meta":[],"categories":[47],"tags":[],"_links":{"self":[{"href":"https:\/\/pasaenmendoza.com\/index.php?rest_route=\/wp\/v2\/posts\/3834"}],"collection":[{"href":"https:\/\/pasaenmendoza.com\/index.php?rest_route=\/wp\/v2\/posts"}],"about":[{"href":"https:\/\/pasaenmendoza.com\/index.php?rest_route=\/wp\/v2\/types\/post"}],"author":[{"embeddable":true,"href":"https:\/\/pasaenmendoza.com\/index.php?rest_route=\/wp\/v2\/users\/2"}],"replies":[{"embeddable":true,"href":"https:\/\/pasaenmendoza.com\/index.php?rest_route=%2Fwp%2Fv2%2Fcomments&post=3834"}],"version-history":[{"count":1,"href":"https:\/\/pasaenmendoza.com\/index.php?rest_route=\/wp\/v2\/posts\/3834\/revisions"}],"predecessor-version":[{"id":3836,"href":"https:\/\/pasaenmendoza.com\/index.php?rest_route=\/wp\/v2\/posts\/3834\/revisions\/3836"}],"wp:featuredmedia":[{"embeddable":true,"href":"https:\/\/pasaenmendoza.com\/index.php?rest_route=\/wp\/v2\/media\/3835"}],"wp:attachment":[{"href":"https:\/\/pasaenmendoza.com\/index.php?rest_route=%2Fwp%2Fv2%2Fmedia&parent=3834"}],"wp:term":[{"taxonomy":"category","embeddable":true,"href":"https:\/\/pasaenmendoza.com\/index.php?rest_route=%2Fwp%2Fv2%2Fcategories&post=3834"},{"taxonomy":"post_tag","embeddable":true,"href":"https:\/\/pasaenmendoza.com\/index.php?rest_route=%2Fwp%2Fv2%2Ftags&post=3834"}],"curies":[{"name":"wp","href":"https:\/\/api.w.org\/{rel}","templated":true}]}}