{"id":3837,"date":"2023-12-15T13:51:23","date_gmt":"2023-12-15T12:51:23","guid":{"rendered":"https:\/\/pasaenmendoza.com\/?p=3837"},"modified":"2023-12-15T13:51:24","modified_gmt":"2023-12-15T12:51:24","slug":"la-ucr-nacional-elige-a-su-nuevo-presidente-con-lousteau-y-valdes-como-principales-candidatos","status":"publish","type":"post","link":"https:\/\/pasaenmendoza.com\/?p=3837","title":{"rendered":"La UCR nacional elige a su nuevo presidente, con Lousteau y Vald\u00e9s como principales candidatos"},"content":{"rendered":"\n<p>Desde Mendoza, el cornejismo respalda a Vald\u00e9s; pero en el sector de Lousteau aseguran que cuentan con un &#8220;consenso amplio&#8221;<\/p>\n\n\n\n<p>El plenario de delegados de la\u00a0<strong>Uni\u00f3n C\u00edvica Radical (UCR)<\/strong>, que agrupa a las principales figuras nacionales del partido, se reunir\u00e1 esta tarde en el Comit\u00e9 Nacional para elegir a su pr\u00f3ximo\u00a0<strong>presidente para el per\u00edodo 2023-2025<\/strong>, cargo que se disputar\u00e1n el gobernador de Corrientes,\u00a0<strong>Gustavo Vald\u00e9s<\/strong>, y el senador\u00a0<strong>Mart\u00edn Lousteau<\/strong>.<\/p>\n\n\n\n<p>Cuatro delegados por provincia, dos representantes de la Juventud Radical, la Franja Morada, los Trabajadores Radicales y el Foro de Intendentes forman parte de los\u00a0<strong>106 referentes<\/strong>\u00a0que debatir\u00e1n hoy desde las 14 en el Comit\u00e9 Radical -ubicado en Alsina 1786 de la Ciudad de Buenos Aires- qui\u00e9n ser\u00e1 el sucesor del actual presidente del partido,\u00a0<strong>Gerardo Morales<\/strong>.<\/p>\n\n\n\n<p>&#8220;Salvo alg\u00fan cambio de \u00faltimo momento que puede haber en las negociaciones,\u00a0<strong>(la puja) es entre Lousteau y Vald\u00e9s<\/strong>&#8220;, indicaron fuentes partidarias a T\u00e9lam.<\/p>\n\n\n\n<p>Mientras, desde el entorno de uno de estos dirigentes afirman que &#8220;hay un consenso amplio&#8221; para que&nbsp;<strong>Lousteau<\/strong>&nbsp;sea el pr\u00f3ximo presidente, desde el otro se\u00f1alan que&nbsp;<strong>Vald\u00e9s<\/strong>&nbsp;&#8220;es un hombre que est\u00e1 para presidir&#8221; el partido.<\/p>\n\n\n\n<p>Entre otros dirigentes,\u00a0<strong>a Vald\u00e9s lo respaldan los gobernadores de Mendoza, Alfredo Cornejo, y de Chaco, Leandro Zdero<\/strong>, en tanto que Lousteau tiene el apoyo del diputado Emiliano Yacobitti, del gobernador de Santa Fe, Maximiliano Pullaro, y de Morales.<\/p>\n\n\n\n<p>Si bien otra fuente partidaria afirm\u00f3 que el plenario &#8220;est\u00e1 para que la conducci\u00f3n salga por la unidad&#8221;, ambos dirigentes&nbsp;<strong>representan a dos sectores que, dentro del partido, mantuvieron diferencias<\/strong>&nbsp;en la carrera hacia el balotaje que llev\u00f3 al referente de La Libertad Avanza, Javier Milei, a la Presidencia.<\/p>\n\n\n\n<p><strong>Vald\u00e9s, Cornejo y Zdero no cuestionaron con \u00e9nfasis a los proyectos del l\u00edder libertario<\/strong>, y hablaron de mantener la&nbsp;<strong>&#8220;neutralidad&#8221;&nbsp;<\/strong>entre \u00e9l y Massa, mientras que el sector de Evoluci\u00f3n y de Morales fue m\u00e1s cr\u00edtico con el economista que finalmente gan\u00f3 la segunda vuelta.<\/p>\n\n\n\n<p>El \u00faltimo antecedente de unidad dentro del radicalismo se dio la semana pasada en el Congreso, donde\u00a0<strong>se logr\u00f3 acordar la unificaci\u00f3n de 35 miembros en la C\u00e1mara de Diputados entre la bancada de la UCR y Evoluci\u00f3n<\/strong>, un bloque que ser\u00e1 presidido por el cordob\u00e9s\u00a0<strong>Rodrigo de Loredo<\/strong>, tras dos a\u00f1os de divisiones.<\/p>\n\n\n\n<p><strong>El radicalismo ostenta actualmente cinco gobernaciones<\/strong>\u00a0(Santa Fe, Mendoza, Jujuy, Corrientes y Chaco), la segunda minor\u00eda en la C\u00e1mara de Diputados y cerca de\u00a0<strong>400 intendentes en todo el pa\u00eds<\/strong>.<\/p>\n\n\n\n<p>FUENTE: Diariouno.com.ar <\/p>\n","protected":false},"excerpt":{"rendered":"<p>Desde Mendoza, el cornejismo respalda a Vald\u00e9s; pero en el sector de Lousteau aseguran que cuentan con un &#8220;consenso amplio&#8221; El plenario de delegados de la\u00a0Uni\u00f3n C\u00edvica Radical (UCR), que agrupa a las principales figuras nacionales del partido, se reunir\u00e1 esta tarde en el Comit\u00e9 Nacional para elegir a su pr\u00f3ximo\u00a0presidente para el per\u00edodo 2023-2025, [&hellip;]<\/p>\n","protected":false},"author":2,"featured_media":3838,"comment_status":"open","ping_status":"open","sticky":true,"template":"","format":"standard","meta":[],"categories":[47],"tags":[],"_links":{"self":[{"href":"https:\/\/pasaenmendoza.com\/index.php?rest_route=\/wp\/v2\/posts\/3837"}],"collection":[{"href":"https:\/\/pasaenmendoza.com\/index.php?rest_route=\/wp\/v2\/posts"}],"about":[{"href":"https:\/\/pasaenmendoza.com\/index.php?rest_route=\/wp\/v2\/types\/post"}],"author":[{"embeddable":true,"href":"https:\/\/pasaenmendoza.com\/index.php?rest_route=\/wp\/v2\/users\/2"}],"replies":[{"embeddable":true,"href":"https:\/\/pasaenmendoza.com\/index.php?rest_route=%2Fwp%2Fv2%2Fcomments&post=3837"}],"version-history":[{"count":1,"href":"https:\/\/pasaenmendoza.com\/index.php?rest_route=\/wp\/v2\/posts\/3837\/revisions"}],"predecessor-version":[{"id":3839,"href":"https:\/\/pasaenmendoza.com\/index.php?rest_route=\/wp\/v2\/posts\/3837\/revisions\/3839"}],"wp:featuredmedia":[{"embeddable":true,"href":"https:\/\/pasaenmendoza.com\/index.php?rest_route=\/wp\/v2\/media\/3838"}],"wp:attachment":[{"href":"https:\/\/pasaenmendoza.com\/index.php?rest_route=%2Fwp%2Fv2%2Fmedia&parent=3837"}],"wp:term":[{"taxonomy":"category","embeddable":true,"href":"https:\/\/pasaenmendoza.com\/index.php?rest_route=%2Fwp%2Fv2%2Fcategories&post=3837"},{"taxonomy":"post_tag","embeddable":true,"href":"https:\/\/pasaenmendoza.com\/index.php?rest_route=%2Fwp%2Fv2%2Ftags&post=3837"}],"curies":[{"name":"wp","href":"https:\/\/api.w.org\/{rel}","templated":true}]}}