{"id":3840,"date":"2023-12-15T15:30:35","date_gmt":"2023-12-15T14:30:35","guid":{"rendered":"https:\/\/pasaenmendoza.com\/?p=3840"},"modified":"2023-12-15T15:30:37","modified_gmt":"2023-12-15T14:30:37","slug":"turismo-en-mendoza-las-reservas-estan-solo-al-35-y-ya-se-activaron-reuniones-con-el-sector-privado","status":"publish","type":"post","link":"https:\/\/pasaenmendoza.com\/?p=3840","title":{"rendered":"Turismo en Mendoza: las reservas est\u00e1n solo al 35% y ya se activaron reuniones con el sector privado"},"content":{"rendered":"\n<p>&#8220;Es una\u00a0<strong>temporada\u00a0<\/strong>con un promedio de entre el\u00a0<strong>30 y el 35% de reservas<\/strong>&#8220;, revel\u00f3 la\u00a0nueva presidenta del Ente Mendoza\u00a0<strong>Turismo\u00a0<\/strong>(Emetur),\u00a0<strong>Gabriela Testa<\/strong>. El golpe de los aumentos por inflaci\u00f3n impactar\u00e1 no solo en el bolsillo del que viaja sino tambi\u00e9n en los costos de la log\u00edstica.<\/p>\n\n\n\n<p>\u00bfLo positivo dentro de la crisis? &#8220;<strong>La devaluaci\u00f3n nos sigue poniendo competitivos en el mundo<\/strong>\u00a0as\u00ed que van a seguir llegando los turistas extranjeros&#8221;, grafic\u00f3 la funcionaria que ya pas\u00f3 por el Emetur en la anterior gesti\u00f3n de Alfredo Cornejo.<\/p>\n\n\n\n<h2 class=\"wp-block-heading\">C\u00f3mo viene enero en reservas tur\u00edstica en Mendoza<\/h2>\n\n\n\n<p><strong>&#8220;El golpe inflacionario va a impactar en las reservas&#8221;<\/strong>, anticip\u00f3 Testa en Hola Mendoza y, para ejemplificar, advirti\u00f3 que<strong>&nbsp;apenas alcanza el 35% el promedio de las realizadas<\/strong>&nbsp;hasta ahora. Los n\u00fameros son m\u00e1s altos en zonas de monta\u00f1a como el Valle de Uco y en el Sur, pero en la Ciudad de Mendoza la situaci\u00f3n es cr\u00edtica.<\/p>\n\n\n\n<p>Uno de los datos clave que har\u00e1n complicada la temporada de verano es la fuerte suba en el valor de los pasajes a\u00e9reos de cabotaje: &#8220;Aumentaron entre el 50 y el 100%&#8221;.<\/p>\n\n\n\n<p>Y, claro est\u00e1, el impacto &#8220;ser\u00e1 en toda la cadena de valor&#8221; dada la suba de los combustibles y de los insumos.<\/p>\n\n\n\n<h2 class=\"wp-block-heading\">La reacci\u00f3n del Gobierno de Mendoza<\/h2>\n\n\n\n<p>Si bien el plan para el verano lo diagram\u00f3 la gesti\u00f3n anterior (de Nora Vicario), Testa cont\u00f3 que&nbsp;<strong>&#8220;el lunes tenemos una reuni\u00f3n con los privados por la campa\u00f1a de verano&#8221;<\/strong>.<\/p>\n\n\n\n<p>El objetivo es estudiar alg\u00fan tipo de&nbsp;<strong>incentivo a trav\u00e9s de la pauta publicitaria&nbsp;<\/strong>para promocionar Mendoza en otras provincias y as\u00ed impulsar la llegada de turistas nacionales.<\/p>\n\n\n\n<p>En ese encuentro, se tratar\u00e1n adem\u00e1s<strong>\u00a0alternativas para los mendocinos que no podr\u00e1n viajar<\/strong>\u00a0y pasar\u00e1n la temporada en la provincia. &#8220;Toda la informaci\u00f3n sobre playitas y balnearios estar\u00e1 a en un link&#8221;, cont\u00f3 la funcionaria.<\/p>\n\n\n\n<p>&#8220;El m\u00e9rito mayoritario del turismo en Mendoza tiene que ver con los empresarios. El ecosistema tur\u00edsitico en Mendoza es un orgullo y el Estado es un facilitador&#8221;, dijo sobre el papel que tendr\u00e1 el Emetur no solo en este verano si no en toda su gesti\u00f3n.<\/p>\n\n\n\n<p><strong>Fuente: www.diariouno.com.ar<\/strong><\/p>\n","protected":false},"excerpt":{"rendered":"<p>&#8220;Es una\u00a0temporada\u00a0con un promedio de entre el\u00a030 y el 35% de reservas&#8220;, revel\u00f3 la\u00a0nueva presidenta del Ente Mendoza\u00a0Turismo\u00a0(Emetur),\u00a0Gabriela Testa. El golpe de los aumentos por inflaci\u00f3n impactar\u00e1 no solo en el bolsillo del que viaja sino tambi\u00e9n en los costos de la log\u00edstica. \u00bfLo positivo dentro de la crisis? &#8220;La devaluaci\u00f3n nos sigue poniendo competitivos [&hellip;]<\/p>\n","protected":false},"author":2,"featured_media":3841,"comment_status":"open","ping_status":"open","sticky":false,"template":"","format":"standard","meta":[],"categories":[64],"tags":[],"_links":{"self":[{"href":"https:\/\/pasaenmendoza.com\/index.php?rest_route=\/wp\/v2\/posts\/3840"}],"collection":[{"href":"https:\/\/pasaenmendoza.com\/index.php?rest_route=\/wp\/v2\/posts"}],"about":[{"href":"https:\/\/pasaenmendoza.com\/index.php?rest_route=\/wp\/v2\/types\/post"}],"author":[{"embeddable":true,"href":"https:\/\/pasaenmendoza.com\/index.php?rest_route=\/wp\/v2\/users\/2"}],"replies":[{"embeddable":true,"href":"https:\/\/pasaenmendoza.com\/index.php?rest_route=%2Fwp%2Fv2%2Fcomments&post=3840"}],"version-history":[{"count":1,"href":"https:\/\/pasaenmendoza.com\/index.php?rest_route=\/wp\/v2\/posts\/3840\/revisions"}],"predecessor-version":[{"id":3842,"href":"https:\/\/pasaenmendoza.com\/index.php?rest_route=\/wp\/v2\/posts\/3840\/revisions\/3842"}],"wp:featuredmedia":[{"embeddable":true,"href":"https:\/\/pasaenmendoza.com\/index.php?rest_route=\/wp\/v2\/media\/3841"}],"wp:attachment":[{"href":"https:\/\/pasaenmendoza.com\/index.php?rest_route=%2Fwp%2Fv2%2Fmedia&parent=3840"}],"wp:term":[{"taxonomy":"category","embeddable":true,"href":"https:\/\/pasaenmendoza.com\/index.php?rest_route=%2Fwp%2Fv2%2Fcategories&post=3840"},{"taxonomy":"post_tag","embeddable":true,"href":"https:\/\/pasaenmendoza.com\/index.php?rest_route=%2Fwp%2Fv2%2Ftags&post=3840"}],"curies":[{"name":"wp","href":"https:\/\/api.w.org\/{rel}","templated":true}]}}