{"id":3860,"date":"2023-12-18T13:33:12","date_gmt":"2023-12-18T12:33:12","guid":{"rendered":"https:\/\/pasaenmendoza.com\/?p=3860"},"modified":"2023-12-18T13:33:14","modified_gmt":"2023-12-18T12:33:14","slug":"murio-un-nino-de-2-anos-ahogado-en-la-pileta-de-su-casa-de-guaymallen","status":"publish","type":"post","link":"https:\/\/pasaenmendoza.com\/?p=3860","title":{"rendered":"Muri\u00f3 un ni\u00f1o de 2 a\u00f1os ahogado en la pileta de su casa de Guaymall\u00e9n"},"content":{"rendered":"\n<p>Un&nbsp;<strong>tr\u00e1gico suceso<\/strong>&nbsp;ocurri\u00f3 este s\u00e1bado pasado&nbsp; el mediod\u00eda en una vivienda de&nbsp;<strong>Guaymall\u00e9n<\/strong>. Un<strong>&nbsp;ni\u00f1o de tan solo 2 a\u00f1os muri\u00f3 ahogado<\/strong>&nbsp;en la pileta (<em>imagen ilustrativa<\/em>) de su propia casa, ubicada en el Barrio Dos Costas, de El Bermejo. La v\u00edctima, identificada como Teo Lucca Bernardo Farias<\/p>\n\n\n\n<p>Seg\u00fan inform\u00f3 el Ministerio de Seguridad, la\u00a0<strong>madre del peque\u00f1o<\/strong>, Karen Daniela Farias Leyton, de 23 a\u00f1os,\u00a0<strong>se present\u00f3 el Hospital Notti\u00a0<\/strong>junto a\u00a0<strong>su hijo<\/strong>. Explic\u00f3 a los m\u00e9dicos que en un momento en que\u00a0<strong>Teo se encontraba jugando con su primo,<\/strong>\u00a0de 5 a\u00f1os, lo<strong>\u00a0perdieron de vista<\/strong>. Desafortunadamente, poco despu\u00e9s\u00a0<strong>lo encontraron flotando en la pileta<\/strong>\u00a0que se encuentra en la propiedad.<\/p>\n\n\n\n<p>Los familiares trasladaron al ni\u00f1o al hospital en un veh\u00edculo particular. Una vez all\u00ed, la m\u00e9dica de guardia, Mail\u00e9n Vidal, le brind\u00f3 asistencia inmediata. Sin embargo, nada pudo hacer y solo le qued\u00f3 por informarle a su madre el fallecimiento de Teo.<\/p>\n\n\n\n<p>La Oficina Fiscal N\u00b09 tom\u00f3 intervenci\u00f3n en el caso para evaluar la situaci\u00f3n precisa en la que se produjo este lamentable accidente.<\/p>\n\n\n\n<p><strong>Fuente: www.mendozapost.com<\/strong><\/p>\n","protected":false},"excerpt":{"rendered":"<p>Un&nbsp;tr\u00e1gico suceso&nbsp;ocurri\u00f3 este s\u00e1bado pasado&nbsp; el mediod\u00eda en una vivienda de&nbsp;Guaymall\u00e9n. Un&nbsp;ni\u00f1o de tan solo 2 a\u00f1os muri\u00f3 ahogado&nbsp;en la pileta (imagen ilustrativa) de su propia casa, ubicada en el Barrio Dos Costas, de El Bermejo. La v\u00edctima, identificada como Teo Lucca Bernardo Farias Seg\u00fan inform\u00f3 el Ministerio de Seguridad, la\u00a0madre del peque\u00f1o, Karen Daniela [&hellip;]<\/p>\n","protected":false},"author":2,"featured_media":3862,"comment_status":"open","ping_status":"open","sticky":false,"template":"","format":"standard","meta":[],"categories":[48],"tags":[],"_links":{"self":[{"href":"https:\/\/pasaenmendoza.com\/index.php?rest_route=\/wp\/v2\/posts\/3860"}],"collection":[{"href":"https:\/\/pasaenmendoza.com\/index.php?rest_route=\/wp\/v2\/posts"}],"about":[{"href":"https:\/\/pasaenmendoza.com\/index.php?rest_route=\/wp\/v2\/types\/post"}],"author":[{"embeddable":true,"href":"https:\/\/pasaenmendoza.com\/index.php?rest_route=\/wp\/v2\/users\/2"}],"replies":[{"embeddable":true,"href":"https:\/\/pasaenmendoza.com\/index.php?rest_route=%2Fwp%2Fv2%2Fcomments&post=3860"}],"version-history":[{"count":1,"href":"https:\/\/pasaenmendoza.com\/index.php?rest_route=\/wp\/v2\/posts\/3860\/revisions"}],"predecessor-version":[{"id":3863,"href":"https:\/\/pasaenmendoza.com\/index.php?rest_route=\/wp\/v2\/posts\/3860\/revisions\/3863"}],"wp:featuredmedia":[{"embeddable":true,"href":"https:\/\/pasaenmendoza.com\/index.php?rest_route=\/wp\/v2\/media\/3862"}],"wp:attachment":[{"href":"https:\/\/pasaenmendoza.com\/index.php?rest_route=%2Fwp%2Fv2%2Fmedia&parent=3860"}],"wp:term":[{"taxonomy":"category","embeddable":true,"href":"https:\/\/pasaenmendoza.com\/index.php?rest_route=%2Fwp%2Fv2%2Fcategories&post=3860"},{"taxonomy":"post_tag","embeddable":true,"href":"https:\/\/pasaenmendoza.com\/index.php?rest_route=%2Fwp%2Fv2%2Ftags&post=3860"}],"curies":[{"name":"wp","href":"https:\/\/api.w.org\/{rel}","templated":true}]}}