{"id":3861,"date":"2023-12-18T13:47:52","date_gmt":"2023-12-18T12:47:52","guid":{"rendered":"https:\/\/pasaenmendoza.com\/?p=3861"},"modified":"2023-12-18T13:47:53","modified_gmt":"2023-12-18T12:47:53","slug":"continuidades-dudas-y-presiones-para-completar-el-gabinete-de-cornejo","status":"publish","type":"post","link":"https:\/\/pasaenmendoza.com\/?p=3861","title":{"rendered":"Continuidades, dudas y presiones para completar el Gabinete de Cornejo"},"content":{"rendered":"\n<p>Alfredo Cornejo a\u00fan no termina de armar el Gabinete. Habr\u00e1 confirmaciones y tambi\u00e9n respuestas duras a las presiones de sectores internos por ocupar espacios.<\/p>\n\n\n\n<p><strong>Alfredo Cornejo&nbsp;<\/strong>achic\u00f3 el plantel pol\u00edtico y gestionar\u00e1 la provincia con siete ministerios y dos entes. Hubo fusiones, cambios&nbsp;y modificaciones que hasta log\u00edsticamente tienen alguna complejidad porque ahora estar\u00e1n juntas \u00e1reas que f\u00edsicamente est\u00e1n en pisos distintos de Casa de Gobierno y hasta necesitan cambios presupuestarios. Aunque las primeras l\u00edneas est\u00e1n definidas, a\u00fan quedan muchos casilleros por completar y eso inquieta puertas adentro del Gobierno. En realidad no hay ninguna acefal\u00eda, pues siguen todos los funcionarios de segunda y tercera l\u00ednea que estaban con Rodolfo Suarez. Pero como muchos esperaban un &#8220;shock&#8221; de reemplazos, ahora hay sorpresa.&nbsp;<\/p>\n\n\n\n<p>En el Ejecutivo explican justamente lo contrario: que no quer\u00edan generan una idea de borr\u00f3n y cuenta nueva porque m\u00e1s all\u00e1 de las diferencia de criterio con Suarez, hay continuidad pol\u00edtica y un acuerdo que se mantiene. Pero hay otros matices que demoran las designaciones y confirmaciones. Primero, el an\u00e1lisis del propio\u00a0<strong>Cornejo<\/strong>\u00a0respecto a cada propuesta. Los ministros tienen sus equipos armados en borrador, pero deben pasar el tamiz del mandatario provincial, que se caracteriza por tener la \u00faltima palabra.\u00a0<\/p>\n\n\n\n<h2 class=\"wp-block-heading\">En espera<\/h2>\n\n\n\n<p>Hay \u00e1reas enormes, como el flamante Ministerio de Educaci\u00f3n, que requieren tareas ejecutivas urgentes que antes depend\u00edan de otra cartera. Es lo que pasa, por ejemplo, con Desarrollo Social, que antes estaba pol\u00edtica y presupuestariamente bajo la \u00f3rbita de Salud. Hasta la Vendimia depende de Tadeo Garc\u00eda Zalazar, pero no tiene nombrado a un subsecretario de Cultura. Algo similar pasa con Gobierno y Energ\u00eda, dos ministerio que tendr\u00e1n subsecretar\u00edas ejecutivas que siguen innominadas. Mientras, todos tienen la firma autorizada.\u00a0\u00a0<\/p>\n\n\n\n<p>Un dato que confirmaron desde el Poder Ejecutivo es que hay un grupo grande de directores que continuar\u00e1n en funciones. Algunos con cambios de roles, pero con continuidad al fin. En otros roles relevantes tambi\u00e9n habr\u00eda confirmaciones. Es lo que ocurrir\u00e1 con el jefe de la polic\u00eda, Marcelo Calipo, y tambi\u00e9n pasar\u00eda con el subsecretario de Justicia, Marcelo D&#8217;agostino. En el caso de la polic\u00eda es clave por la verticalidad que esa fuerza de seguridad tiene en la estructura.&nbsp;<\/p>\n\n\n\n<p>El Estado &#8220;funciona&#8221; con un plantel&nbsp;de unos 300 funcionarios pol\u00edticos de primera, segunda, tercera y cuarta l\u00ednea (desde Ministros, hasta directores de administraci\u00f3n). Muchos de ellos aspiran a lograr los 12 a\u00f1os en el Poder Ejecutivo.&nbsp;<\/p>\n\n\n\n<p>El otro tema\u00a0que demora el armado es el frente interno. Cambia Mendoza es &#8220;gobernada&#8221; por el radicalismo y por\u00a0<strong>Cornejo<\/strong>. Pero lo integran otras fuerzas y l\u00edneas internas que demandan espacios. El innominado sector de Luis Petri, por ejemplo, presiona por cargos en algunas \u00e1reas. Patricia Gim\u00e9nez, titular de ProMendoza, es parte de ese grupo, pero exigen m\u00e1s. La conducci\u00f3n partidaria no cree que tenga &#8220;derecho&#8221; a tanto.<\/p>\n\n\n\n<p>Otro grupo aliado es el de los empresarios, liderados por Rodolfo Vargas Arizu. Ellos tienen la conducci\u00f3n del estrat\u00e9gico Ministerio de la Producci\u00f3n. Pero la tensi\u00f3n est\u00e1 en c\u00f3mo se ocupan todos los casilleros: si solo habr\u00e1 funcionarios provenientes de ese plano, o, en cambio, una mixtura. El Pro, que tiene a la vicegobernadora Hebe Casado como referente, hizo una propuesta para incorporar cuadros t\u00e9cnicos de ese partido.&nbsp;<strong>Cornejo<\/strong>&nbsp;eval\u00faa esas ideas para sumarlos. En ese camino, hay un requisito que&nbsp;impone: la experiencia. &#8220;No hay tiempo para aprender&#8221;, repiten en el cuarto piso.&nbsp;<\/p>\n\n\n\n<p>Aunque habr\u00e1 muchas continuidades en el gobierno de Cambia Mendoza,&nbsp;tambi\u00e9n&nbsp;hubo migraciones en segundas y terceras l\u00edneas hacia municipios. Y algunos ministros tambi\u00e9n se quedaron sin lugar. Es el caso del ex ministro de Gobierno de Rodolfo Suarez, V\u00edctor Ib\u00e1\u00f1ez, que ya tiene tarea en el Senado, donde tambi\u00e9n migr\u00f3 Suarez. Otros, como Enrique Vaqui\u00e9, se alejaron temporalmente de la primera l\u00ednea de la funci\u00f3n p\u00fablica.&nbsp;<\/p>\n\n\n\n<p>M\u00e1s all\u00e1 de los nombres, el Gobernador tiene una luz roja en el funcionamiento del Estado. Cree que hace falta retomar la intensidad y la dedicaci\u00f3n. Cree que el doble o triple turno tiene que ser real en los tres poderes del Estado. &#8220;No se cambian las cosas con leyes, sino con Gesti\u00f3n. Ojal\u00e1 las cosas funcionaran solas&#8221;, suele decir. En el diagn\u00f3stico previo tienen anotado que hay peque\u00f1os &#8220;bolsones de impericia&#8221; en Seguridad, bastantes m\u00e1s en el funcionamiento de la Justicia (que no depende del Ejecutivo) y la necesidad de una supervisi\u00f3n m\u00e1s dura. Cornejo cree que hubo un seguimiento laxo de las reformas y por eso hasta hay tiempos y espacios ociosos.<\/p>\n\n\n\n<p>Esta semana ser\u00e1 crucial para el gobierno local porque se esperan definiciones sobre el futuro econ\u00f3mico y financiero de las provincias. En realidad sobre la relaci\u00f3n de las provincias con la Naci\u00f3n. Los gobernadores se reunir\u00e1n con los emisarios del Presidente y la intenci\u00f3n es presionar para que haya una compensaci\u00f3n por la quita de fondos. M\u00e1s a\u00fan porque el impacto de la devaluaci\u00f3n golpea fuerte. Esa es la prioridad del Gobierno y tras esas reuniones reci\u00e9n se replantear\u00e1 el Presupuesto 2024 de Mendoza y el plan de gobierno de Cornejo.<\/p>\n\n\n\n<p>FUENTE: Mdzonline.<\/p>\n","protected":false},"excerpt":{"rendered":"<p>Alfredo Cornejo a\u00fan no termina de armar el Gabinete. Habr\u00e1 confirmaciones y tambi\u00e9n respuestas duras a las presiones de sectores internos por ocupar espacios. Alfredo Cornejo&nbsp;achic\u00f3 el plantel pol\u00edtico y gestionar\u00e1 la provincia con siete ministerios y dos entes. Hubo fusiones, cambios&nbsp;y modificaciones que hasta log\u00edsticamente tienen alguna complejidad porque ahora estar\u00e1n juntas \u00e1reas que [&hellip;]<\/p>\n","protected":false},"author":2,"featured_media":3874,"comment_status":"open","ping_status":"open","sticky":true,"template":"","format":"standard","meta":[],"categories":[47],"tags":[],"_links":{"self":[{"href":"https:\/\/pasaenmendoza.com\/index.php?rest_route=\/wp\/v2\/posts\/3861"}],"collection":[{"href":"https:\/\/pasaenmendoza.com\/index.php?rest_route=\/wp\/v2\/posts"}],"about":[{"href":"https:\/\/pasaenmendoza.com\/index.php?rest_route=\/wp\/v2\/types\/post"}],"author":[{"embeddable":true,"href":"https:\/\/pasaenmendoza.com\/index.php?rest_route=\/wp\/v2\/users\/2"}],"replies":[{"embeddable":true,"href":"https:\/\/pasaenmendoza.com\/index.php?rest_route=%2Fwp%2Fv2%2Fcomments&post=3861"}],"version-history":[{"count":1,"href":"https:\/\/pasaenmendoza.com\/index.php?rest_route=\/wp\/v2\/posts\/3861\/revisions"}],"predecessor-version":[{"id":3875,"href":"https:\/\/pasaenmendoza.com\/index.php?rest_route=\/wp\/v2\/posts\/3861\/revisions\/3875"}],"wp:featuredmedia":[{"embeddable":true,"href":"https:\/\/pasaenmendoza.com\/index.php?rest_route=\/wp\/v2\/media\/3874"}],"wp:attachment":[{"href":"https:\/\/pasaenmendoza.com\/index.php?rest_route=%2Fwp%2Fv2%2Fmedia&parent=3861"}],"wp:term":[{"taxonomy":"category","embeddable":true,"href":"https:\/\/pasaenmendoza.com\/index.php?rest_route=%2Fwp%2Fv2%2Fcategories&post=3861"},{"taxonomy":"post_tag","embeddable":true,"href":"https:\/\/pasaenmendoza.com\/index.php?rest_route=%2Fwp%2Fv2%2Ftags&post=3861"}],"curies":[{"name":"wp","href":"https:\/\/api.w.org\/{rel}","templated":true}]}}