{"id":3864,"date":"2023-12-18T13:37:44","date_gmt":"2023-12-18T12:37:44","guid":{"rendered":"https:\/\/pasaenmendoza.com\/?p=3864"},"modified":"2023-12-18T13:37:46","modified_gmt":"2023-12-18T12:37:46","slug":"estas-zonas-de-mendoza-no-tendran-luz-este-lunes-18","status":"publish","type":"post","link":"https:\/\/pasaenmendoza.com\/?p=3864","title":{"rendered":"Estas zonas de Mendoza no tendr\u00e1n luz este lunes 18"},"content":{"rendered":"\n<p>Importantes<strong>&nbsp;cortes de luz programados<\/strong>&nbsp;por tareas de mantenimiento se llevar\u00e1n a cabo este<strong>&nbsp;lunes 18 de diciembre&nbsp;<\/strong>en diversas zonas de&nbsp;<strong>Mendoza<\/strong>. La empresa encargada de la distribuci\u00f3n el\u00e9ctrica,&nbsp;<strong>Edemsa<\/strong>, inform\u00f3 los detalles de la interrupci\u00f3n del servicio.<\/p>\n\n\n\n<p>En el departamento de<strong>\u00a0Las Hera<\/strong>s, espec\u00edficamente en la calle Salvador Civit, entre Presidente Quintana y Lavalle, y en la localidad de El Algarrobal, se interrumpir\u00e1 el suministro el\u00e9ctrico desde las 9:00 hasta las 13:00 horas.<\/p>\n\n\n\n<p>En\u00a0<strong>Maip\u00fa<\/strong>, los cortes afectar\u00e1n a las calles El Mirlo y Mart\u00edn Pescador, en el Barrio Gonz\u00e1lez Gali\u00f1o, desde las 8:30 hasta las 12:00 horas. Adem\u00e1s, entre las calles Ar\u00edstides Villanueva, Rafael Obligado y V\u00e9lez Sarsfield, el servicio el\u00e9ctrico se ver\u00e1 interrumpido desde las 8:45 hasta las 12:45 horas. Asimismo, en la calle Scaramella, entre Las Piedritas y Videla Castillo, y en la calle Videla Castillo, entre Vieytes y Juan Agust\u00edn Maza, se producir\u00e1 un corte programado desde las 9:00 hasta las 13:00 horas.<\/p>\n\n\n\n<p>En el departamento de\u00a0<strong>Lavalle<\/strong>, el corte afectar\u00e1 a la calle Tres Porte\u00f1as y a la empresa Nazim S.A., desde las 9:00 hasta las 11:00 horas.<\/p>\n\n\n\n<p>En\u00a0<strong>San Carlos<\/strong>, se ver\u00e1 afectada la calle Guanda, al sur de Administraci\u00f3n, y la finca Coco, desde las 14:30 hasta las 18:30 horas. Adem\u00e1s, en la Ruta Nacional N\u00b040, entre las calles Santander y Cubillos, en Chilecito, el servicio el\u00e9ctrico estar\u00e1 interrumpido desde las 9:00 hasta las 13:00 horas.<\/p>\n\n\n\n<p>Finalmente, en\u00a0San Rafael, se realizar\u00e1n cortes en amplias zonas del departamento. Entre las calles Lisandro de la Torre, Av. Del Trabajo, Los Filtros y Los Retamos, y entre las calles Los Filtros, Victorino de la Plaza, Los Olmos y Rep\u00fablica de Siria, en los barrios Isros y El Sosneado, no habr\u00e1 servicio el\u00e9ctrico desde las 14:30 hasta las 18:30 horas.<\/p>\n\n\n\n<p><strong>Fuente: www.mendozapost.com<\/strong><\/p>\n","protected":false},"excerpt":{"rendered":"<p>Importantes&nbsp;cortes de luz programados&nbsp;por tareas de mantenimiento se llevar\u00e1n a cabo este&nbsp;lunes 18 de diciembre&nbsp;en diversas zonas de&nbsp;Mendoza. La empresa encargada de la distribuci\u00f3n el\u00e9ctrica,&nbsp;Edemsa, inform\u00f3 los detalles de la interrupci\u00f3n del servicio. En el departamento de\u00a0Las Heras, espec\u00edficamente en la calle Salvador Civit, entre Presidente Quintana y Lavalle, y en la localidad de El [&hellip;]<\/p>\n","protected":false},"author":2,"featured_media":3865,"comment_status":"open","ping_status":"open","sticky":false,"template":"","format":"standard","meta":[],"categories":[50],"tags":[],"_links":{"self":[{"href":"https:\/\/pasaenmendoza.com\/index.php?rest_route=\/wp\/v2\/posts\/3864"}],"collection":[{"href":"https:\/\/pasaenmendoza.com\/index.php?rest_route=\/wp\/v2\/posts"}],"about":[{"href":"https:\/\/pasaenmendoza.com\/index.php?rest_route=\/wp\/v2\/types\/post"}],"author":[{"embeddable":true,"href":"https:\/\/pasaenmendoza.com\/index.php?rest_route=\/wp\/v2\/users\/2"}],"replies":[{"embeddable":true,"href":"https:\/\/pasaenmendoza.com\/index.php?rest_route=%2Fwp%2Fv2%2Fcomments&post=3864"}],"version-history":[{"count":1,"href":"https:\/\/pasaenmendoza.com\/index.php?rest_route=\/wp\/v2\/posts\/3864\/revisions"}],"predecessor-version":[{"id":3866,"href":"https:\/\/pasaenmendoza.com\/index.php?rest_route=\/wp\/v2\/posts\/3864\/revisions\/3866"}],"wp:featuredmedia":[{"embeddable":true,"href":"https:\/\/pasaenmendoza.com\/index.php?rest_route=\/wp\/v2\/media\/3865"}],"wp:attachment":[{"href":"https:\/\/pasaenmendoza.com\/index.php?rest_route=%2Fwp%2Fv2%2Fmedia&parent=3864"}],"wp:term":[{"taxonomy":"category","embeddable":true,"href":"https:\/\/pasaenmendoza.com\/index.php?rest_route=%2Fwp%2Fv2%2Fcategories&post=3864"},{"taxonomy":"post_tag","embeddable":true,"href":"https:\/\/pasaenmendoza.com\/index.php?rest_route=%2Fwp%2Fv2%2Ftags&post=3864"}],"curies":[{"name":"wp","href":"https:\/\/api.w.org\/{rel}","templated":true}]}}