{"id":3867,"date":"2023-12-18T13:41:19","date_gmt":"2023-12-18T12:41:19","guid":{"rendered":"https:\/\/pasaenmendoza.com\/?p=3867"},"modified":"2023-12-18T13:41:21","modified_gmt":"2023-12-18T12:41:21","slug":"un-hombre-fue-detenido-por-prender-fuego-a-su-pareja-y-tirarla-a-una-acequia","status":"publish","type":"post","link":"https:\/\/pasaenmendoza.com\/?p=3867","title":{"rendered":"Un hombre fue detenido por prender fuego a su pareja y tirarla a una acequia"},"content":{"rendered":"\n<p>Un hombre de 49 a\u00f1os qued\u00f3 internado y detenido a disposici\u00f3n de la Justicia luego de&nbsp;<strong>prender fuego a su pareja la madrugada de este domingo en Guaymall\u00e9n&nbsp;<\/strong>con la intenci\u00f3n de matarla.<\/p>\n\n\n\n<p>La v\u00edctima qued\u00f3 internada en el Hospital Laggomagiore en grave estado. Por su parte, el sujeto tambi\u00e9n present\u00f3 quemaduras en el 20 por ciento de su cuerpo y necesit\u00f3 atenci\u00f3n m\u00e9dica en un nosocomio, donde qued\u00f3 con consigna policial a la espera de que se defina su futuro en la causa.<\/p>\n\n\n\n<p>\u00a0De acuerdo con fuentes del caso, el hecho registrado minutos despu\u00e9s de las 0.30 fue un caso de<strong>\u00a0intento de femicidio<\/strong>\u00a0porque as\u00ed lo declar\u00f3 una testigo que se comunic\u00f3 con el 911 para detallar qu\u00e9 hab\u00eda ocurrido.<\/p>\n\n\n\n<p>Cont\u00f3 que caminaba por el lugar cuando&nbsp;<mark>observ\u00f3 a un hombre arrojarle un l\u00edquido inflamable a una mujer mientras discut\u00edan, tirarla a una acequia y prenderla fuego para luego darse a la fuga por zona de calles Correa Saa y Gobernador Videla.<\/mark><\/p>\n\n\n\n<p>El personal policial constat\u00f3 la veracidad de los dichos y confirm\u00f3 que se trataba de una pareja en situaci\u00f3n de calle. Tomaron contacto con la mujer y&nbsp;<strong>confirm\u00f3 que era v\u00edctima de violencia de g\u00e9nero<\/strong>. Una ambulancia del SEC la traslad\u00f3 hasta el citado nosocomio del oeste de Capital y necesit\u00f3 atenci\u00f3n m\u00e9dica inmediata.<\/p>\n\n\n\n<p>Los profesionales\u00a0<mark>diagnosticaron quemadura de segundo grado en ambas piernas, brazo izquierdo, ment\u00f3n y cuello, quedando internada en Terapia Intensiva.<\/mark><\/p>\n\n\n\n<p>Por su parte, el se\u00f1alado agresor fue detenido y tambi\u00e9n fue derivado a un hospital por las quemaduras que present\u00f3 cuando habr\u00eda intentado matar a la mujer, finalizaron las fuentes.<\/p>\n\n\n\n<p><strong>Fuente: www.elsol.com.ar<\/strong><\/p>\n","protected":false},"excerpt":{"rendered":"<p>Un hombre de 49 a\u00f1os qued\u00f3 internado y detenido a disposici\u00f3n de la Justicia luego de&nbsp;prender fuego a su pareja la madrugada de este domingo en Guaymall\u00e9n&nbsp;con la intenci\u00f3n de matarla. La v\u00edctima qued\u00f3 internada en el Hospital Laggomagiore en grave estado. Por su parte, el sujeto tambi\u00e9n present\u00f3 quemaduras en el 20 por ciento [&hellip;]<\/p>\n","protected":false},"author":2,"featured_media":3868,"comment_status":"open","ping_status":"open","sticky":false,"template":"","format":"standard","meta":[],"categories":[48],"tags":[],"_links":{"self":[{"href":"https:\/\/pasaenmendoza.com\/index.php?rest_route=\/wp\/v2\/posts\/3867"}],"collection":[{"href":"https:\/\/pasaenmendoza.com\/index.php?rest_route=\/wp\/v2\/posts"}],"about":[{"href":"https:\/\/pasaenmendoza.com\/index.php?rest_route=\/wp\/v2\/types\/post"}],"author":[{"embeddable":true,"href":"https:\/\/pasaenmendoza.com\/index.php?rest_route=\/wp\/v2\/users\/2"}],"replies":[{"embeddable":true,"href":"https:\/\/pasaenmendoza.com\/index.php?rest_route=%2Fwp%2Fv2%2Fcomments&post=3867"}],"version-history":[{"count":1,"href":"https:\/\/pasaenmendoza.com\/index.php?rest_route=\/wp\/v2\/posts\/3867\/revisions"}],"predecessor-version":[{"id":3869,"href":"https:\/\/pasaenmendoza.com\/index.php?rest_route=\/wp\/v2\/posts\/3867\/revisions\/3869"}],"wp:featuredmedia":[{"embeddable":true,"href":"https:\/\/pasaenmendoza.com\/index.php?rest_route=\/wp\/v2\/media\/3868"}],"wp:attachment":[{"href":"https:\/\/pasaenmendoza.com\/index.php?rest_route=%2Fwp%2Fv2%2Fmedia&parent=3867"}],"wp:term":[{"taxonomy":"category","embeddable":true,"href":"https:\/\/pasaenmendoza.com\/index.php?rest_route=%2Fwp%2Fv2%2Fcategories&post=3867"},{"taxonomy":"post_tag","embeddable":true,"href":"https:\/\/pasaenmendoza.com\/index.php?rest_route=%2Fwp%2Fv2%2Ftags&post=3867"}],"curies":[{"name":"wp","href":"https:\/\/api.w.org\/{rel}","templated":true}]}}