{"id":3870,"date":"2023-12-18T13:46:30","date_gmt":"2023-12-18T12:46:30","guid":{"rendered":"https:\/\/pasaenmendoza.com\/?p=3870"},"modified":"2023-12-18T13:46:31","modified_gmt":"2023-12-18T12:46:31","slug":"osep-aumento-las-cuotas-de-sus-afiliados-voluntarios-cuanto-costaran","status":"publish","type":"post","link":"https:\/\/pasaenmendoza.com\/?p=3870","title":{"rendered":"OSEP aument\u00f3 las cuotas de sus afiliados voluntarios: cu\u00e1nto costar\u00e1n"},"content":{"rendered":"\n<p>La&nbsp;<strong>Obra Social de los Empleados P\u00fablicos<\/strong>&nbsp;(OSEP) oficializ\u00f3 los aumentos de las cuotas para sus&nbsp;<strong>afiliados voluntarios<\/strong>&nbsp;a partir de enero de 2024. El ajuste promedio es de 32%.<\/p>\n\n\n\n<p><em>\u201cTendiendo a las especiales caracter\u00edsticas que se han presentado durante los \u00faltimos a\u00f1os en el sistema de salud y la econom\u00eda en general y que a la fecha se mantienen, es que el presente an\u00e1lisis se ha focalizado especialmente en el concepto de administrar y custodiar el fondo generado por sus afiliados obligatorios, procurando mantener la equidad entre los diversos aportantes al Sistema Solidario que la Obra Social por ley constituye\u201d<\/em>, asegura la resoluci\u00f3n 1516 de la OSEP, publicada este lunes en el Bolet\u00edn Oficial.<\/p>\n\n\n\n<p>La OSEP tiene dos categor\u00edas de afiliados:&nbsp;<strong>obligatorios&nbsp;<\/strong>(cuyo aporte est\u00e1 fijado por ley, correspondiendo a un porcentaje de sus haberes) y&nbsp;<strong>voluntarios&nbsp;<\/strong>(aquellos a cargo de obligatorios, independientes, por convenio y por continuidad desde la afiliaci\u00f3n obligatoria).<\/p>\n\n\n\n<p><strong>Las cuotas de los afiliados voluntarios es definida por el directorio de la OSEP<\/strong>,&nbsp;<em>\u201cteniendo en cuenta la situaci\u00f3n t\u00e9cnico-financiera as\u00ed como la equidad entre los aportantes a un sistema solidario\u201d<\/em>, agrega la norma legal en sus considerandos.<\/p>\n\n\n\n<p><strong>Los nuevos valores de las cuotas son:<\/strong><\/p>\n\n\n\n<figure class=\"wp-block-table\"><table><tbody><tr><td>TIPO DE AFILIADO<\/td><td>Cuota desde enero<\/td><td>Aumento<\/td><\/tr><tr><td>Plan Novo<\/td><td>$ 18.700<\/td><td>31,7%<\/td><\/tr><tr><td>Titular menor de 40 a\u00f1os<\/td><td>$ 22.500<\/td><td>32,4%<\/td><\/tr><tr><td>C\u00f3nyuge o adherente menor de 40 a\u00f1os<\/td><td>$ 20.100<\/td><td>32,2%<\/td><\/tr><tr><td>Titular entre 40 y 49 a\u00f1os<\/td><td>$ 25.600<\/td><td>32%<\/td><\/tr><tr><td>C\u00f3nyuge o adherente entre 40 y 49 a\u00f1os<\/td><td>$ 22.600<\/td><td>32,2%<\/td><\/tr><tr><td>Titular entre 50 y 59 a\u00f1os<\/td><td>$ 31.300<\/td><td>32,1%<\/td><\/tr><tr><td>C\u00f3nyuge o adherente entre 50 y 59 a\u00f1os<\/td><td>$ 27.200<\/td><td>32%<\/td><\/tr><tr><td>Titular mayor de 60 a\u00f1os<\/td><td>$ 46.000<\/td><td>32,2%<\/td><\/tr><tr><td>C\u00f3nyuge o adherente mayor de 60 a\u00f1os<\/td><td>$ 44.200<\/td><td>32,3%<\/td><\/tr><tr><td>Hijo (hasta el segundo)<\/td><td>$ 13.800<\/td><td>31,4%<\/td><\/tr><tr><td>Hijo (a partir del tercero)<\/td><td>$ 11.200<\/td><td>31,8%<\/td><\/tr><\/tbody><\/table><\/figure>\n\n\n\n<p>El anterior incremento se aplic\u00f3 desde julio y fue escalonado, con ajustes mensuales en agosto, septiembre, octubre y noviembre. En total, el incremento rond\u00f3 el 60% en promedio.<\/p>\n\n\n\n<p><strong>Fuente: www.elsol.com.ar<\/strong><\/p>\n","protected":false},"excerpt":{"rendered":"<p>La&nbsp;Obra Social de los Empleados P\u00fablicos&nbsp;(OSEP) oficializ\u00f3 los aumentos de las cuotas para sus&nbsp;afiliados voluntarios&nbsp;a partir de enero de 2024. El ajuste promedio es de 32%. \u201cTendiendo a las especiales caracter\u00edsticas que se han presentado durante los \u00faltimos a\u00f1os en el sistema de salud y la econom\u00eda en general y que a la fecha se [&hellip;]<\/p>\n","protected":false},"author":2,"featured_media":3871,"comment_status":"open","ping_status":"open","sticky":false,"template":"","format":"standard","meta":[],"categories":[75],"tags":[],"_links":{"self":[{"href":"https:\/\/pasaenmendoza.com\/index.php?rest_route=\/wp\/v2\/posts\/3870"}],"collection":[{"href":"https:\/\/pasaenmendoza.com\/index.php?rest_route=\/wp\/v2\/posts"}],"about":[{"href":"https:\/\/pasaenmendoza.com\/index.php?rest_route=\/wp\/v2\/types\/post"}],"author":[{"embeddable":true,"href":"https:\/\/pasaenmendoza.com\/index.php?rest_route=\/wp\/v2\/users\/2"}],"replies":[{"embeddable":true,"href":"https:\/\/pasaenmendoza.com\/index.php?rest_route=%2Fwp%2Fv2%2Fcomments&post=3870"}],"version-history":[{"count":1,"href":"https:\/\/pasaenmendoza.com\/index.php?rest_route=\/wp\/v2\/posts\/3870\/revisions"}],"predecessor-version":[{"id":3872,"href":"https:\/\/pasaenmendoza.com\/index.php?rest_route=\/wp\/v2\/posts\/3870\/revisions\/3872"}],"wp:featuredmedia":[{"embeddable":true,"href":"https:\/\/pasaenmendoza.com\/index.php?rest_route=\/wp\/v2\/media\/3871"}],"wp:attachment":[{"href":"https:\/\/pasaenmendoza.com\/index.php?rest_route=%2Fwp%2Fv2%2Fmedia&parent=3870"}],"wp:term":[{"taxonomy":"category","embeddable":true,"href":"https:\/\/pasaenmendoza.com\/index.php?rest_route=%2Fwp%2Fv2%2Fcategories&post=3870"},{"taxonomy":"post_tag","embeddable":true,"href":"https:\/\/pasaenmendoza.com\/index.php?rest_route=%2Fwp%2Fv2%2Ftags&post=3870"}],"curies":[{"name":"wp","href":"https:\/\/api.w.org\/{rel}","templated":true}]}}