{"id":3873,"date":"2023-12-18T13:51:21","date_gmt":"2023-12-18T12:51:21","guid":{"rendered":"https:\/\/pasaenmendoza.com\/?p=3873"},"modified":"2023-12-18T13:51:22","modified_gmt":"2023-12-18T12:51:22","slug":"detectaron-trabajo-infantil-en-distintas-zonas-de-mendoza","status":"publish","type":"post","link":"https:\/\/pasaenmendoza.com\/?p=3873","title":{"rendered":"Detectaron trabajo infantil en distintas zonas de Mendoza"},"content":{"rendered":"\n<p>En el marco de la temporada de cosecha y trabajo agr\u00edcola en toda la provincia de Mendoza, l<strong>a Subsecretar\u00eda de Trabajo y Empleo, dependiente del Ministerio de Gobierno, Infraestructura y Desarrollo Territorial, contin\u00faa llevando a cabo operativos intensivos para detectar y sancionar el trabajo infantil<\/strong>. Estas acciones se realizan tanto de oficio como en respuesta a denuncias an\u00f3nimas recibidas a trav\u00e9s del 148.<\/p>\n\n\n\n<p>Durante uno de los procedimientos llevados a cabo el pasado jueves 30 de noviembre en colaboraci\u00f3n con el Renatre, Uatre, Ministerio de Trabajo, Empleo y Seguridad, y el Comit\u00e9 Ejecutivo de Lucha contra la Trata de Personas, se logr\u00f3 rescatar a 24 trabajadores provenientes de la provincia de Salta. Adem\u00e1s, se abord\u00f3 un caso con presunci\u00f3n de abuso de una ni\u00f1a de 8 a\u00f1os en Barrancas, Maip\u00fa.<\/p>\n\n\n\n<p>En otro operativo realizado el pasado 13 de diciembre en Palmira, San Mart\u00edn, la Subsecretar\u00eda de Trabajo y Empleo encontr\u00f3 a dos ni\u00f1os, de 14 y 15 a\u00f1os, realizando labores de limpieza, corte y desgrane de ajo en una vivienda privada. Este caso destaca la nueva forma de explotaci\u00f3n e irregularidades, donde los empleadores hacen que los trabajadores realicen tareas en viviendas no destinadas originalmente a fines productivos o industriales.<\/p>\n\n\n\n<p>Ese mismo d\u00eda, en un procedimiento en Malarg\u00fce, se detect\u00f3 a un ni\u00f1o de 15 a\u00f1os realizando tareas de cosecha de ajo. Estos operativos, realizados en conjunto con Renatre, Uatre y el Comit\u00e9 de Trata, forman parte del plan de inspecciones de temporada y responden a denuncias recibidas a trav\u00e9s del 148 opci\u00f3n 8, con alcance provincial.<\/p>\n\n\n\n<p>Es importante destacar que la Subsecretar\u00eda de Trabajo y Empleo, a trav\u00e9s de Copreti Mendoza, activa el abordaje de contenci\u00f3n y restituci\u00f3n de derechos de los ni\u00f1os, as\u00ed como el proceso de sanci\u00f3n administrativa y el inicio del proceso penal mediante la denuncia ante la fiscal\u00eda correspondiente. Estas acciones buscan proteger la econom\u00eda transparente y promover la jerarquizaci\u00f3n del sistema productivo en la provincia.<\/p>\n\n\n\n<p><strong>Fuente: www.mendozapost.com<\/strong><\/p>\n","protected":false},"excerpt":{"rendered":"<p>En el marco de la temporada de cosecha y trabajo agr\u00edcola en toda la provincia de Mendoza, la Subsecretar\u00eda de Trabajo y Empleo, dependiente del Ministerio de Gobierno, Infraestructura y Desarrollo Territorial, contin\u00faa llevando a cabo operativos intensivos para detectar y sancionar el trabajo infantil. Estas acciones se realizan tanto de oficio como en respuesta [&hellip;]<\/p>\n","protected":false},"author":2,"featured_media":3877,"comment_status":"open","ping_status":"open","sticky":false,"template":"","format":"standard","meta":[],"categories":[50],"tags":[],"_links":{"self":[{"href":"https:\/\/pasaenmendoza.com\/index.php?rest_route=\/wp\/v2\/posts\/3873"}],"collection":[{"href":"https:\/\/pasaenmendoza.com\/index.php?rest_route=\/wp\/v2\/posts"}],"about":[{"href":"https:\/\/pasaenmendoza.com\/index.php?rest_route=\/wp\/v2\/types\/post"}],"author":[{"embeddable":true,"href":"https:\/\/pasaenmendoza.com\/index.php?rest_route=\/wp\/v2\/users\/2"}],"replies":[{"embeddable":true,"href":"https:\/\/pasaenmendoza.com\/index.php?rest_route=%2Fwp%2Fv2%2Fcomments&post=3873"}],"version-history":[{"count":1,"href":"https:\/\/pasaenmendoza.com\/index.php?rest_route=\/wp\/v2\/posts\/3873\/revisions"}],"predecessor-version":[{"id":3878,"href":"https:\/\/pasaenmendoza.com\/index.php?rest_route=\/wp\/v2\/posts\/3873\/revisions\/3878"}],"wp:featuredmedia":[{"embeddable":true,"href":"https:\/\/pasaenmendoza.com\/index.php?rest_route=\/wp\/v2\/media\/3877"}],"wp:attachment":[{"href":"https:\/\/pasaenmendoza.com\/index.php?rest_route=%2Fwp%2Fv2%2Fmedia&parent=3873"}],"wp:term":[{"taxonomy":"category","embeddable":true,"href":"https:\/\/pasaenmendoza.com\/index.php?rest_route=%2Fwp%2Fv2%2Fcategories&post=3873"},{"taxonomy":"post_tag","embeddable":true,"href":"https:\/\/pasaenmendoza.com\/index.php?rest_route=%2Fwp%2Fv2%2Ftags&post=3873"}],"curies":[{"name":"wp","href":"https:\/\/api.w.org\/{rel}","templated":true}]}}