{"id":3876,"date":"2023-12-18T13:52:17","date_gmt":"2023-12-18T12:52:17","guid":{"rendered":"https:\/\/pasaenmendoza.com\/?p=3876"},"modified":"2023-12-18T13:52:18","modified_gmt":"2023-12-18T12:52:18","slug":"el-rol-que-tendra-alfredo-cornejo-en-la-reunion-de-gobernadores-con-javier-milei","status":"publish","type":"post","link":"https:\/\/pasaenmendoza.com\/?p=3876","title":{"rendered":"El rol que tendr\u00e1 Alfredo Cornejo en la reuni\u00f3n de gobernadores con Javier Milei"},"content":{"rendered":"\n<p>El mandatario mendocino se mantendr\u00e1 expectante ante los planteamientos que realizar\u00e1 el oficialismo nacional. El encuentro est\u00e1 pactado para este martes.<\/p>\n\n\n\n<p>El presidente&nbsp;<strong>Javier Milei<\/strong>&nbsp;convoc\u00f3 para este martes su primer encuentro con todos los gobernadores. La reuni\u00f3n se dar\u00e1 a partir de los anuncios econ\u00f3micos que hizo el ministro de Econom\u00eda, Luis Caputo, y en v\u00edsperas de la presentaci\u00f3n de una serie de decretos de necesidad y urgencia (DNU). Bajo este panorama,&nbsp;<strong>Alfredo Cornejo<\/strong>&nbsp;asistir\u00e1 en modo de \u201c<em>escucha<\/em>\u201d y expectante a lo que plantear\u00e1 el Ejecutivo nacional.<\/p>\n\n\n\n<p>En medio de una incertidumbre econ\u00f3mica, los gobernadores llevar\u00e1n una serie de reclamos o preocupaciones al Gobierno nacional. Hasta el momento, no est\u00e1 confirmada la presencia de Milei en la reuni\u00f3n del martes, pero s\u00ed estar\u00e1 el ministro del Interior,&nbsp;<strong>Guillermo Francos<\/strong>. Quien lo podr\u00eda acompa\u00f1arlo es Caputo.<\/p>\n\n\n\n<p>La quita de subsidios al transporte y energ\u00eda, la eliminaci\u00f3n de las partidas discrecionales o la eliminaci\u00f3n de financiamiento para las obras p\u00fablicas que no han comenzado son algunos puntos que afectan en mayor o menos medidas a los gobiernos provinciales.<\/p>\n\n\n\n<p>Tema aparte es la posibilidad de que Milei d\u00e9 marcha atr\u00e1s con la reforma de Ganancias realizada por&nbsp;<strong>Sergio Massa<\/strong>, que afect\u00f3 directamente las arcas provinciales ya que era un impuesto coparticipable. En el caso de&nbsp;<strong>Mendoza<\/strong>, se calcula que l<mark>a Provincia no percibir\u00e1 para 2024 aproximadamente &nbsp;170 mil millones de pesos<\/mark>.<\/p>\n\n\n\n<p>Cornejo, como principal referente de la liga de gobernadores de&nbsp;<strong>Juntos por el Cambio<\/strong>, se sentar\u00e1 a escuchar a los ministros nacionales en el que seguramente los pondr\u00e1n \u201c<em>al tanto<\/em>\u201d de la situaci\u00f3n financiera en la que se encuentra el pa\u00eds, pero a su vez pondr\u00e1n sobre la mesa que les devuelvan los fondos coparticipables de Ganancias y la financiaci\u00f3n para obras p\u00fablicas espec\u00edficas.<\/p>\n\n\n\n<p>Esto \u00faltimo ser\u00e1 a cambio de apoyos en el Congreso para la presentaci\u00f3n que tiene en mente Milei realizar durante la semana. \u00a0Entre ellos se encuentra una serie de medidas que van dirigidas hacia la Reforma del Estado, cambios en leyes laborales y apunta a la desregulaci\u00f3n econ\u00f3mica.<\/p>\n\n\n\n<p>Desde el entorno de Cornejo deslizaron que el dirigente radical tiene \u201c<em>muy en claro<\/em>\u201d lo que ir\u00e1 a plantear sobre todo al ministro del Interior. No descartan en que haya&nbsp;<mark>una reuni\u00f3n privada entre Francos y el gobernador de Mendoza<\/mark>.<\/p>\n\n\n\n<p>En un sinf\u00edn de entrevistas, Cornejo ha dejado en claro que a Milei \u201c<em>hay que garantizarle gobernabilidad<\/em>\u201d, aunque ha manifestado sus discrepancias respecto algunas medidas que el libertario quiere llevar adelante. Una de ellas,&nbsp;<mark>el fin de los subsidios al transporte y energ\u00eda<\/mark>.<\/p>\n\n\n\n<p>Otro punto en el que se ha expresado el mandatario provincial es s<mark>obre\u00a0la continuidad de las obras p\u00fablicas que se realizan en la provincia\u00a0<\/mark>y cuentan con financiamiento nacional. Por este motivo es que Cornejo quiere reunirse con Francos.<\/p>\n\n\n\n<p>Por \u00faltimo, a Cornejo le preocupa el futuro de la coparticipaci\u00f3n y la postura que tendr\u00e1 Milei respecto a estos recursos. En caso de que no haya una modificaci\u00f3n en Ganancias, Cornejo, acompa\u00f1ado por todos los gobernadores, le exigir\u00e1n al libertario&nbsp;<mark>coparticipar los impuestos al cheque y PAIS<\/mark>.<\/p>\n\n\n\n<p>P\u00fablicamente, Cornejo ha dejado en claro que entiende las medidas econ\u00f3micas que plantea el Estado nacional, pero que si \u00e9ste no le brinda alg\u00fan tipo de ayuda a las provincias, sobre todo por la inflaci\u00f3n que se calcula para el pr\u00f3ximo a\u00f1o, los gobiernos provinciales se van a ver afectados seriamente.<\/p>\n\n\n\n<p>Por otro lado, no se descarta que una vez finalizada la reuni\u00f3n entre el Gobierno nacional y los mandatarios provinciales,<mark>\u00a0Cornejo llame a una reuni\u00f3n de la liga de gobernadores de JxC\u00a0<\/mark>para analizar los pr\u00f3ximos pasos a seguir.<\/p>\n\n\n\n<p>FUENTE: elso.com.ar <\/p>\n","protected":false},"excerpt":{"rendered":"<p>El mandatario mendocino se mantendr\u00e1 expectante ante los planteamientos que realizar\u00e1 el oficialismo nacional. El encuentro est\u00e1 pactado para este martes. El presidente&nbsp;Javier Milei&nbsp;convoc\u00f3 para este martes su primer encuentro con todos los gobernadores. La reuni\u00f3n se dar\u00e1 a partir de los anuncios econ\u00f3micos que hizo el ministro de Econom\u00eda, Luis Caputo, y en v\u00edsperas [&hellip;]<\/p>\n","protected":false},"author":2,"featured_media":3879,"comment_status":"open","ping_status":"open","sticky":true,"template":"","format":"standard","meta":[],"categories":[47],"tags":[],"_links":{"self":[{"href":"https:\/\/pasaenmendoza.com\/index.php?rest_route=\/wp\/v2\/posts\/3876"}],"collection":[{"href":"https:\/\/pasaenmendoza.com\/index.php?rest_route=\/wp\/v2\/posts"}],"about":[{"href":"https:\/\/pasaenmendoza.com\/index.php?rest_route=\/wp\/v2\/types\/post"}],"author":[{"embeddable":true,"href":"https:\/\/pasaenmendoza.com\/index.php?rest_route=\/wp\/v2\/users\/2"}],"replies":[{"embeddable":true,"href":"https:\/\/pasaenmendoza.com\/index.php?rest_route=%2Fwp%2Fv2%2Fcomments&post=3876"}],"version-history":[{"count":1,"href":"https:\/\/pasaenmendoza.com\/index.php?rest_route=\/wp\/v2\/posts\/3876\/revisions"}],"predecessor-version":[{"id":3881,"href":"https:\/\/pasaenmendoza.com\/index.php?rest_route=\/wp\/v2\/posts\/3876\/revisions\/3881"}],"wp:featuredmedia":[{"embeddable":true,"href":"https:\/\/pasaenmendoza.com\/index.php?rest_route=\/wp\/v2\/media\/3879"}],"wp:attachment":[{"href":"https:\/\/pasaenmendoza.com\/index.php?rest_route=%2Fwp%2Fv2%2Fmedia&parent=3876"}],"wp:term":[{"taxonomy":"category","embeddable":true,"href":"https:\/\/pasaenmendoza.com\/index.php?rest_route=%2Fwp%2Fv2%2Fcategories&post=3876"},{"taxonomy":"post_tag","embeddable":true,"href":"https:\/\/pasaenmendoza.com\/index.php?rest_route=%2Fwp%2Fv2%2Ftags&post=3876"}],"curies":[{"name":"wp","href":"https:\/\/api.w.org\/{rel}","templated":true}]}}