{"id":3882,"date":"2023-12-18T13:58:07","date_gmt":"2023-12-18T12:58:07","guid":{"rendered":"https:\/\/pasaenmendoza.com\/?p=3882"},"modified":"2023-12-18T13:58:08","modified_gmt":"2023-12-18T12:58:08","slug":"godoy-cruz-por-la-crisis-costarelli-frena-licitaciones-y-refuerza-ayuda-social","status":"publish","type":"post","link":"https:\/\/pasaenmendoza.com\/?p=3882","title":{"rendered":"Godoy Cruz: por la crisis, Costarelli frena licitaciones y refuerza ayuda social"},"content":{"rendered":"\n<p><strong>Diego Costarelli<\/strong>\u00a0se muestra energizado en este contexto<em>\u00a0precrisis\u00a0<\/em>que se advierte en Mendoza como consecuencia de las primeras medidas tomadas por el reci\u00e9n iniciado gobierno nacional de\u00a0<strong>Javier Milei<\/strong>. En particular el intendente de Godoy Cruz piensa en los efectos que causar\u00e1 en el poder de compra y de pago de servicios en la poblaci\u00f3n la\u00a0<strong>devaluaci\u00f3n de 55 por ciento<\/strong>\u00a0que se aplic\u00f3 en esta primera semana de la administraci\u00f3n del presidente\u00a0<em>Jumper<\/em>.<\/p>\n\n\n\n<p>Por eso se prepara para una baja de la recaudaci\u00f3n municipal, y si bien la administraci\u00f3n godoycruce\u00f1a est\u00e1 ordenada y &#8220;se gasta menos de lo que se recauda&#8221;, seg\u00fan Costarelli, el jefe departamental toma sus previsiones y ya determin\u00f3 que esperar\u00e1 para convocar a las licitaciones que ya est\u00e1n presupuestadas pensando en que tendr\u00e1 que atender con sus programas sociales como la &#8220;feria del ahorro&#8221; la mayor demanda de la poblaci\u00f3n.<\/p>\n\n\n\n<p>Adem\u00e1s reconoce que viene revisando desde que asumi\u00f3 algunas \u00e1reas municipales para achicar el estado comunal que &#8220;ya es chico&#8221;. Y hasta define que m\u00e1s all\u00e1 de todo esfuerzo de achique del gasto p\u00fablico que se pueda hacer las medidas econ\u00f3micas nacionales afectar\u00e1n los salarios de familias vecinas de Godoy Cruz.\u00a0 \u00a0<\/p>\n\n\n\n<p>El jefe departamental estuvo anoche, viernes 15, encabezando la\u00a0Fiesta de la Vendimia departamental, la primera en el calendario de la temporada 2024. Fue en el Parque San Vicente y se aprovech\u00f3 la infraestructura que se preserv\u00f3 de la Fiesta de Cerveza (se ocup\u00f3 el mismo escenario) que se realiz\u00f3 hace dos semanas en el mismo predio.<\/p>\n\n\n\n<p>En la celebraci\u00f3n estuvo junto a Costarelli su par de Guaymall\u00e9n, el tambi\u00e9n reci\u00e9n asumido\u00a0<strong>Marcos Calvente\u00a0<\/strong>quien durante la semana expres\u00f3 la misma preocupaci\u00f3n desde su municipio por la mayor demanda social que deber\u00e1 atender a causa de la crisis socioecon\u00f3mica que se avecina a medida que se acent\u00faen los efectos de la desregulaci\u00f3n la econom\u00eda argentina.<\/p>\n\n\n\n<p>Otra figura relevante en este contexto de la coyuntura que estuvo en el San Vicente fue el anterior jefe comunal Tadeo Garc\u00eda Zalazar, actualmente ministro de Educaci\u00f3n e Infancia y a cargo de la Direcci\u00f3n General de Escuelas.\u00a0\u00a0<\/p>\n\n\n\n<p>El titular de la cartera educativa fue en representaci\u00f3n del gobernador\u00a0<strong>Alfredo Cornejo<\/strong>\u00a0quien se encontraba en CABA reunido con otros mandatarios provinciales convocados por el ministro de Interior de la Naci\u00f3n Guillermo Francos en Casa Rosada. Cornejo particip\u00f3 de una reuni\u00f3n previa a la que los jefes provinciales mantendr\u00e1n con el presidente, el martes 19 (un d\u00eda despu\u00e9s del previsto anuncio de otro decreto que profundizar\u00e1 la decisiones aplicadas el martes 5).\u00a0\u00a0<\/p>\n\n\n\n<p>La cosecha y la crisis<\/p>\n\n\n\n<p>&#8220;Entiendo que estas actividades le hacen muy bien a todo el pueblo de Godoy Cruz, como la Vendimia, todo lo que el municipio pueda ofrecer de recreaci\u00f3n, gratuitamente, es importante para toda la gente. Un momento de distensi\u00f3n no viene mal, sobre todo en estos momentos de tensi\u00f3n que se est\u00e1n viviendo&#8221;, coment\u00f3 Costarelli ofreciendo la fiesta vendimial este a\u00f1o con el t\u00edtulo: &#8220;De vecino en vecino&#8221;, como un b\u00e1lsamo para la vecindad de su departamento.<\/p>\n\n\n\n<p>El &#8220;paraguas&#8221; de Costarelli&nbsp;&nbsp;<\/p>\n\n\n\n<p><strong>\u2022 Obras p\u00fablicas necesarias.&nbsp;<\/strong>&#8220;Con el presupuesto 2024, en el que particip\u00e9 en la confecci\u00f3n, ped\u00ed que fuera con anticipaci\u00f3n para poder ya tener licitadas dos o tres obras que hacemos obviamente con recursos propios, obras que tienen que ver por ejemplo con la ampliaci\u00f3n de dos centros de la primera infancia, que son jardines maternales que tiene Godoy Cruz que est\u00e1n bien administrados. Nosotros pretendemos ampliarlos porque creemos que los tiempos que vienen van a ser dif\u00edciles y cada vez m\u00e1s gente va a necesitar utilizar los jardines maternales del municipio y son obras que ya ten\u00edamos programadas como as\u00ed tambi\u00e9n vamos a hacer distintas remodelaciones en la&nbsp;<em>Casa del Futuro<\/em>, un lugar donde habitualmente se congregan muchos j\u00f3venes para capacitarse en los nuevos oficios, como la programaci\u00f3n y el dise\u00f1o&#8221;.&nbsp;<\/p>\n\n\n\n<p><strong>\u2022 \u00bfQu\u00e9 son los ATN?<\/strong>\u00a0&#8220;En Godoy Cruz no conocemos lo que son los ATN (Aportes del Tesoro Nacional) de hace muchos a\u00f1os. Lo cual (el corte de ATN) a nosotros no nos va a afectar Nos mantenemos con lo que recaudamos, hacemos obras con fondos propios. He resentido un poco el proceso licitatorio de la obra p\u00fablica, nosotros por la buena administraci\u00f3n que viene teniendo Godoy Cruz a lo largo del tiempo, tenemos hoy una inversi\u00f3n en obra p\u00fablica que es r\u00e9cord. Son 10 mil millones, yo no lo he licitado, he tenido precauci\u00f3n porque se puede empezar a resentir un poco la recaudaci\u00f3n&#8221;.\u00a0<\/p>\n\n\n\n<p><strong>\u2022 Duro primer semestre.<\/strong>&nbsp;&#8220;He hecho las previsiones que tienen que ver en ese sentido y sobre todo para brindar mayor ayuda a los programas sociales, que tenemos, como son la&nbsp;<em>Feria del Ahorro<\/em>&nbsp;y el&nbsp;<em>Plan Hogar<\/em>&nbsp;y van a continuar y tenemos previsiones para ver si necesitamos un refuerzo y apoyarlos mucho m\u00e1s todav\u00eda a lo largo de este 2024, sobre todo&nbsp;<strong>el primer semestre que esperamos que sea muy duro<\/strong>&#8220;.<\/p>\n\n\n\n<p><strong>\u2022 Estructura estatal en observaci\u00f3n.<\/strong>&nbsp;&#8220;Tenemos 1300 empleados y 470 contratos de locaci\u00f3n que son muy, pero muy bajos, para atender a 220 mil habitantes- Estoy bastante concentrado en eso, porque los sueldos son bastante bajos en Godoy Cruz, de profesionales que tienen que asistir a los chicos, de las psic\u00f3logas, de psicopedagogas, de distintas trabajadoras sociales, todos esos staff. Tenemos los jardines, los centros de la primera infancia, equipados como jardines del sector privado, nada tienen que envidiarle a un jard\u00edn del sector privado con educaci\u00f3n Montessori, con docentes con horas c\u00e1tedra pagas por el municipio, eso no lo podemos resentir y todos los ajustes que yo vaya haciendo tambi\u00e9n tienen que ver con eso.<\/p>\n\n\n\n<p><strong>\u2022 Paren de licuar el salario.<\/strong>\u00a0&#8220;Hay una realidad es que a la gente se le tiene que empezar a dejar de deteriorar tan r\u00e1pidamente el salario como est\u00e1 pasando, \u00bfno es cierto? Porque por m\u00e1s ajuste que pueda hacer yo desde el sector p\u00fablico, no va a alcanzar para que el conjunto de la poblaci\u00f3n est\u00e9 bien&#8221;.<\/p>\n\n\n\n<p>FUENTE: Mendozapost<\/p>\n","protected":false},"excerpt":{"rendered":"<p>Diego Costarelli\u00a0se muestra energizado en este contexto\u00a0precrisis\u00a0que se advierte en Mendoza como consecuencia de las primeras medidas tomadas por el reci\u00e9n iniciado gobierno nacional de\u00a0Javier Milei. En particular el intendente de Godoy Cruz piensa en los efectos que causar\u00e1 en el poder de compra y de pago de servicios en la poblaci\u00f3n la\u00a0devaluaci\u00f3n de 55 [&hellip;]<\/p>\n","protected":false},"author":2,"featured_media":3885,"comment_status":"open","ping_status":"open","sticky":true,"template":"","format":"standard","meta":[],"categories":[47],"tags":[],"_links":{"self":[{"href":"https:\/\/pasaenmendoza.com\/index.php?rest_route=\/wp\/v2\/posts\/3882"}],"collection":[{"href":"https:\/\/pasaenmendoza.com\/index.php?rest_route=\/wp\/v2\/posts"}],"about":[{"href":"https:\/\/pasaenmendoza.com\/index.php?rest_route=\/wp\/v2\/types\/post"}],"author":[{"embeddable":true,"href":"https:\/\/pasaenmendoza.com\/index.php?rest_route=\/wp\/v2\/users\/2"}],"replies":[{"embeddable":true,"href":"https:\/\/pasaenmendoza.com\/index.php?rest_route=%2Fwp%2Fv2%2Fcomments&post=3882"}],"version-history":[{"count":1,"href":"https:\/\/pasaenmendoza.com\/index.php?rest_route=\/wp\/v2\/posts\/3882\/revisions"}],"predecessor-version":[{"id":3886,"href":"https:\/\/pasaenmendoza.com\/index.php?rest_route=\/wp\/v2\/posts\/3882\/revisions\/3886"}],"wp:featuredmedia":[{"embeddable":true,"href":"https:\/\/pasaenmendoza.com\/index.php?rest_route=\/wp\/v2\/media\/3885"}],"wp:attachment":[{"href":"https:\/\/pasaenmendoza.com\/index.php?rest_route=%2Fwp%2Fv2%2Fmedia&parent=3882"}],"wp:term":[{"taxonomy":"category","embeddable":true,"href":"https:\/\/pasaenmendoza.com\/index.php?rest_route=%2Fwp%2Fv2%2Fcategories&post=3882"},{"taxonomy":"post_tag","embeddable":true,"href":"https:\/\/pasaenmendoza.com\/index.php?rest_route=%2Fwp%2Fv2%2Ftags&post=3882"}],"curies":[{"name":"wp","href":"https:\/\/api.w.org\/{rel}","templated":true}]}}