{"id":3887,"date":"2023-12-18T14:02:30","date_gmt":"2023-12-18T13:02:30","guid":{"rendered":"https:\/\/pasaenmendoza.com\/?p=3887"},"modified":"2023-12-18T14:02:32","modified_gmt":"2023-12-18T13:02:32","slug":"ate-anuncio-para-el-viernes-una-jornada-nacional-de-lucha-contra-las-medidas-del-gobierno","status":"publish","type":"post","link":"https:\/\/pasaenmendoza.com\/?p=3887","title":{"rendered":"ATE anunci\u00f3 para el viernes una &#8220;jornada nacional de lucha&#8221; contra las medidas del Gobierno"},"content":{"rendered":"\n<p>Los estatales de Mendoza definir\u00e1n entre lunes y martes las acciones a realizar. &#8220;El potente ajuste regresivo que se anunci\u00f3 a nivel nacional se dispara r\u00e1pidamente a las provincias&#8221;, advirti\u00f3 el titular del gremio<\/p>\n\n\n\n<p>La Asociaci\u00f3n Trabajadores del Estado (<strong>ATE<\/strong>)\u00a0anunci\u00f3 que el pr\u00f3ximo<strong>\u00a0viernes<\/strong>\u00a0realizar\u00e1 una &#8220;<strong>Jornada Nacional de Lucha<\/strong>&#8221; cuyas caracter\u00edsticas y modalidades ser\u00e1n definidas por cada distrito,\u00a0<strong>como protesta por las medidas anunciadas por el Gobierno de Javier Milei y varias administraciones provinciales.<\/strong><\/p>\n\n\n\n<p>&#8220;No garantizan el pago del aguinaldo, anuncian cancelaci\u00f3n de salarios en cuotas,\u00a0<strong>se suspenden paritarias\u00a0<\/strong>y se congela la planta de personal, entre otras medidas&#8221;, dijo ATE en un comunicado.<\/p>\n\n\n\n<p>Los estatales de Mendoza definir\u00e1n\u00a0<strong>entre este lunes y el martes<\/strong>\u00a0la metodolog\u00eda de la jornada de lucha.<\/p>\n\n\n\n<p>La decisi\u00f3n sindical es parte del &#8220;plan de acci\u00f3n definido en la reuni\u00f3n que el\u00a0<strong>Consejo Directivo Nacional<\/strong>\u00a0mantuvo con todas las provincias el jueves 14 de diciembre&#8221;, donde &#8220;se otorg\u00f3 el mandato a la conducci\u00f3n nacional, encabezada por el secretario general,\u00a0<strong>Rodolfo Aguiar<\/strong>, para determinar la medida de fuerza&#8221;.<\/p>\n\n\n\n<p>&#8220;Es el Gobierno el que&nbsp;<strong>empieza a afectar la paz social<\/strong>&nbsp;con sus pol\u00edticas. Las medidas econ\u00f3micas est\u00e1n agravando las condiciones de vida de todos los trabajadores, jubilados y sectores populares. El&nbsp;<strong>potente ajuste regresivo<\/strong>&nbsp;que se anunci\u00f3 a nivel nacional se dispara r\u00e1pidamente a las provincias&#8221;, advirti\u00f3 Aguiar.<\/p>\n\n\n\n<p>&#8220;Tambi\u00e9n -a\u00f1adi\u00f3 ATE- se suma la preocupaci\u00f3n por las definiciones que adoptaron distintas provincias en las \u00faltimas horas.&nbsp;<strong>Claudio Poggi, gobernador de San Luis, ya anunci\u00f3 el pago en cuotas de los salarios de diciembre y enero, medida que tambi\u00e9n eval\u00faan adoptar su pares de Santa Fe, Maximiliano Pullaro, y de R\u00edo Negro, Alberto Weretilneck, con el aguinaldo en este \u00faltimo caso, entre otros. A su vez, algunas gobernaciones dejaron trascender la posibilidad de emitir cuasimonedas&#8221;.<\/strong><\/p>\n\n\n\n<p>El gremio estatal a\u00f1adi\u00f3 que &#8220;<strong>no est\u00e1 garantizado el pago de los aguinaldos<\/strong>\u00a0en la mayor\u00eda de las provincias y municipios&#8221; y alert\u00f3 que &#8220;la situaci\u00f3n no da para m\u00e1s&#8221;, por lo que &#8220;<strong>hemos resuelto una medida de fuerza nacional y cada distrito definir\u00e1 la modalidad de protesta y lo anunciaremos pr\u00f3ximamente<\/strong>&#8220;.<\/p>\n\n\n\n<p>Sobre el protocolo antipiquetes anunciado por la ministra de Seguridad,&nbsp;<strong>Patricia Bullrich<\/strong>, Aguiar sostuvo que &#8220;frente a semejante avance sobre nuestros derechos e intentos de represi\u00f3n y criminalizaci\u00f3n de la protesta por parte del Gobierno, necesitamos empezar a ejercer plenamente&nbsp;<strong>nuestros derechos de huelga y movilizaci\u00f3n<\/strong>&#8220;.<\/p>\n\n\n\n<p>&#8220;La remarcaci\u00f3n generalizada e indiscriminada de todos los precios de la econom\u00eda en la previa de la asunci\u00f3n del nuevo gobierno, y luego&nbsp;<strong>la devaluaci\u00f3n de m\u00e1s del 118%<\/strong>&nbsp;han terminado de aniquilar los ingresos de los trabajadores del sector p\u00fablico y tambi\u00e9n de los jubilados. Nadie puede acusarnos de no haber agotado todas las instancias&#8221;, asever\u00f3.<\/p>\n\n\n\n<p>&#8220;El Gobierno lleva tan s\u00f3lo siete d\u00edas, pero el da\u00f1o que ya ocasion\u00f3 agravando las condiciones de vida de toda la gente<strong>\u00a0tardar\u00e1 a\u00f1os en poder repararse<\/strong>&#8220;, dijo, y expres\u00f3: &#8220;Al shock de ajuste le tenemos que empezar a responder con la progresividad de las protestas&#8221;<\/p>\n\n\n\n<p>FUENTE: Diariouno.com.ar<\/p>\n","protected":false},"excerpt":{"rendered":"<p>Los estatales de Mendoza definir\u00e1n entre lunes y martes las acciones a realizar. &#8220;El potente ajuste regresivo que se anunci\u00f3 a nivel nacional se dispara r\u00e1pidamente a las provincias&#8221;, advirti\u00f3 el titular del gremio La Asociaci\u00f3n Trabajadores del Estado (ATE)\u00a0anunci\u00f3 que el pr\u00f3ximo\u00a0viernes\u00a0realizar\u00e1 una &#8220;Jornada Nacional de Lucha&#8221; cuyas caracter\u00edsticas y modalidades ser\u00e1n definidas por [&hellip;]<\/p>\n","protected":false},"author":2,"featured_media":3888,"comment_status":"open","ping_status":"open","sticky":true,"template":"","format":"standard","meta":[],"categories":[47],"tags":[],"_links":{"self":[{"href":"https:\/\/pasaenmendoza.com\/index.php?rest_route=\/wp\/v2\/posts\/3887"}],"collection":[{"href":"https:\/\/pasaenmendoza.com\/index.php?rest_route=\/wp\/v2\/posts"}],"about":[{"href":"https:\/\/pasaenmendoza.com\/index.php?rest_route=\/wp\/v2\/types\/post"}],"author":[{"embeddable":true,"href":"https:\/\/pasaenmendoza.com\/index.php?rest_route=\/wp\/v2\/users\/2"}],"replies":[{"embeddable":true,"href":"https:\/\/pasaenmendoza.com\/index.php?rest_route=%2Fwp%2Fv2%2Fcomments&post=3887"}],"version-history":[{"count":1,"href":"https:\/\/pasaenmendoza.com\/index.php?rest_route=\/wp\/v2\/posts\/3887\/revisions"}],"predecessor-version":[{"id":3889,"href":"https:\/\/pasaenmendoza.com\/index.php?rest_route=\/wp\/v2\/posts\/3887\/revisions\/3889"}],"wp:featuredmedia":[{"embeddable":true,"href":"https:\/\/pasaenmendoza.com\/index.php?rest_route=\/wp\/v2\/media\/3888"}],"wp:attachment":[{"href":"https:\/\/pasaenmendoza.com\/index.php?rest_route=%2Fwp%2Fv2%2Fmedia&parent=3887"}],"wp:term":[{"taxonomy":"category","embeddable":true,"href":"https:\/\/pasaenmendoza.com\/index.php?rest_route=%2Fwp%2Fv2%2Fcategories&post=3887"},{"taxonomy":"post_tag","embeddable":true,"href":"https:\/\/pasaenmendoza.com\/index.php?rest_route=%2Fwp%2Fv2%2Ftags&post=3887"}],"curies":[{"name":"wp","href":"https:\/\/api.w.org\/{rel}","templated":true}]}}