{"id":3899,"date":"2023-12-19T13:47:57","date_gmt":"2023-12-19T12:47:57","guid":{"rendered":"https:\/\/pasaenmendoza.com\/?p=3899"},"modified":"2023-12-19T13:47:59","modified_gmt":"2023-12-19T12:47:59","slug":"pelea-escape-a-toda-velocidad-y-secuestro-de-una-pistola-en-las-heras","status":"publish","type":"post","link":"https:\/\/pasaenmendoza.com\/?p=3899","title":{"rendered":"Pelea, escape a toda velocidad y secuestro de una pistola en Las Heras"},"content":{"rendered":"\n<p><strong>Dos hombres de 40 y 43 a\u00f1os<\/strong>&nbsp;fueron aprehendidos la tarde de este lunes luego de&nbsp;<mark>protagonizar una pelea con un grupo de trabajadores en el Acceso Norte de Las Heras&nbsp;<\/mark>y llevar un&nbsp;<strong>arma de fuego con municiones<\/strong>&nbsp;en el auto que se movilizaban.<\/p>\n\n\n\n<p>La historia tuvo su inicio a las 17, cuando personal policial de la&nbsp;<strong>UEP&nbsp;<\/strong>departamental que realizaba tareas operativas fren\u00f3 ante el pedido de unas personas cerca de calle&nbsp;<strong>Pedro Pascual Segura.<\/strong><\/p>\n\n\n\n<p>Algunas de ellas aseguraron que un hombre\u00a0<em>\u201ctatuado con cabellos rubios\u201d\u00a0<\/em>que se movilizaba con otro en un\u00a0<strong>Peugeot 207 gris<\/strong>\u00a0oscuro, los hab\u00eda amenazado con un arma de fuego \u201c<em>grande color gris<\/em>\u201d y que sali\u00f3 a toda velocidad hacia el sur. Acto seguido, aportaron la patente del rodado.<\/p>\n\n\n\n<p>Los efectivos consultaron por frecuencia sobre el dominio y desde el CEO informaron que el titular ten\u00eda domicilio sobre calle<strong>&nbsp;Claveles del Aire en el barrio Ujemvi,<\/strong>&nbsp;justamente hacia donde se hab\u00eda dirigido el rodado.<\/p>\n\n\n\n<p>Con el paso de los minutos, los uniformados se dirigieron hasta ese complejo y detectaron el rodado mal estacionado en calle Los Crisantemos.&nbsp;<mark>Tambi\u00e9n supieron que el propietario ser\u00eda el due\u00f1o de una panader\u00eda ubicada en el sector.<\/mark><\/p>\n\n\n\n<p>Con el avance de la pesquisa, los polic\u00edas llegaron hasta la casa y un hombre que presentaba las mismas caracter\u00edsticas f\u00edsicas aportadas por los denunciantes los atendi\u00f3.\u00a0<strong>Le preguntaron si era el titular del 207 y la respuesta fue positiva<\/strong>. Luego de entender que la presencia policial se deb\u00eda por la pelea previa, le pidieron que estacionara bien el auto y lo abriera.<\/p>\n\n\n\n<p>El hombre entr\u00f3 a la casa, tom\u00f3 las llaves y lo estacion\u00f3.&nbsp;<strong>Luego observaron a otro sujeto de remera blanca y pantal\u00f3n de gimnasia abriendo el veh\u00edculo<\/strong>&nbsp;y esto motiv\u00f3 a que los efectivos se acercaran.<\/p>\n\n\n\n<p>En ese momento,&nbsp;<mark>se torn\u00f3 violento y lanz\u00f3 algunos golpes de pu\u00f1o al personal. Se sum\u00f3 el primer sujeto que hab\u00edan entrevistado y ambos ofrecieron resistencia a los efectivos.<\/mark><\/p>\n\n\n\n<p>De esta forma, mediante el uso de la fuerza, los redujeron y los subieron a la movilidad. En ese momento detectaron que, a simple vista, la\u00a0<strong>culata de un arma de fuego tipo pistola plateada<\/strong>, similar a la que hab\u00edan detallado los hombres que denunciaron amenazas.<\/p>\n\n\n\n<p>La incautaron y se trat\u00f3 de una&nbsp;<strong>pistola calibre 11.25 con una munici\u00f3n en la rec\u00e1mara y un cargador con seis municiones m\u00e1s<\/strong>. Adem\u00e1s, incautaron un cuchillo tipo carnicero con hoja de 40 cent\u00edmetros y mango de pl\u00e1stico blanco, casi tres mil pesos.<\/p>\n\n\n\n<p>Se realizaron las actuaciones y ambos sospechosos quedaron a disposici\u00f3n de la Justicia, que inici\u00f3 las averiguaciones por la\u00a0<strong>tenencia ilegal del arma<\/strong>\u00a0y el hecho previo que motiv\u00f3 el trabajo de la UEP.<\/p>\n\n\n\n<p><strong>Fuente: www.elsol.com.ar<\/strong><\/p>\n","protected":false},"excerpt":{"rendered":"<p>Dos hombres de 40 y 43 a\u00f1os&nbsp;fueron aprehendidos la tarde de este lunes luego de&nbsp;protagonizar una pelea con un grupo de trabajadores en el Acceso Norte de Las Heras&nbsp;y llevar un&nbsp;arma de fuego con municiones&nbsp;en el auto que se movilizaban. La historia tuvo su inicio a las 17, cuando personal policial de la&nbsp;UEP&nbsp;departamental que realizaba [&hellip;]<\/p>\n","protected":false},"author":2,"featured_media":3900,"comment_status":"open","ping_status":"open","sticky":false,"template":"","format":"standard","meta":[],"categories":[48],"tags":[],"_links":{"self":[{"href":"https:\/\/pasaenmendoza.com\/index.php?rest_route=\/wp\/v2\/posts\/3899"}],"collection":[{"href":"https:\/\/pasaenmendoza.com\/index.php?rest_route=\/wp\/v2\/posts"}],"about":[{"href":"https:\/\/pasaenmendoza.com\/index.php?rest_route=\/wp\/v2\/types\/post"}],"author":[{"embeddable":true,"href":"https:\/\/pasaenmendoza.com\/index.php?rest_route=\/wp\/v2\/users\/2"}],"replies":[{"embeddable":true,"href":"https:\/\/pasaenmendoza.com\/index.php?rest_route=%2Fwp%2Fv2%2Fcomments&post=3899"}],"version-history":[{"count":1,"href":"https:\/\/pasaenmendoza.com\/index.php?rest_route=\/wp\/v2\/posts\/3899\/revisions"}],"predecessor-version":[{"id":3901,"href":"https:\/\/pasaenmendoza.com\/index.php?rest_route=\/wp\/v2\/posts\/3899\/revisions\/3901"}],"wp:featuredmedia":[{"embeddable":true,"href":"https:\/\/pasaenmendoza.com\/index.php?rest_route=\/wp\/v2\/media\/3900"}],"wp:attachment":[{"href":"https:\/\/pasaenmendoza.com\/index.php?rest_route=%2Fwp%2Fv2%2Fmedia&parent=3899"}],"wp:term":[{"taxonomy":"category","embeddable":true,"href":"https:\/\/pasaenmendoza.com\/index.php?rest_route=%2Fwp%2Fv2%2Fcategories&post=3899"},{"taxonomy":"post_tag","embeddable":true,"href":"https:\/\/pasaenmendoza.com\/index.php?rest_route=%2Fwp%2Fv2%2Ftags&post=3899"}],"curies":[{"name":"wp","href":"https:\/\/api.w.org\/{rel}","templated":true}]}}