{"id":3905,"date":"2023-12-19T13:55:26","date_gmt":"2023-12-19T12:55:26","guid":{"rendered":"https:\/\/pasaenmendoza.com\/?p=3905"},"modified":"2023-12-19T13:55:28","modified_gmt":"2023-12-19T12:55:28","slug":"cinco-especialistas-del-notti-fueron-exceptuados-de-la-ley-de-tope-salarial","status":"publish","type":"post","link":"https:\/\/pasaenmendoza.com\/?p=3905","title":{"rendered":"Cinco especialistas del Notti fueron exceptuados de la ley de tope salarial"},"content":{"rendered":"\n<p>El&nbsp;<strong>Gobierno de Mendoza&nbsp;<\/strong>dio a conocer este lunes que cinco nuevos profesionales de la salud que se desempe\u00f1aban en Terapia Intensiva del&nbsp;<strong>hospital Notti<\/strong>&nbsp;quedar\u00e1n&nbsp;<mark>exceptuados de la Ley 8727 que establece un tope salarial&nbsp;<\/mark>para el sector p\u00fablico.<\/p>\n\n\n\n<p>Los pliegos fueron avalados por la Legislatura, ya que se trata de personal clave para la provincia.<\/p>\n\n\n\n<p>Los profesionales que quedaron exceptuados de la norma se suman a otros 24 especialistas que se desempe\u00f1an en diferentes hospitales de la Provincia, y que son considerados \u201c<em>recursos cr\u00edticos<\/em>\u201c, imprescindibles para el funcionamiento de los servicios sanitarios.<\/p>\n\n\n\n<p>Seg\u00fan indica la Ley 8797, ning\u00fan funcionario, empleado o contratado, que preste servicios en el \u00e1mbito en los tres poderes del Estado nacional,\u00a0<mark>cobren una remuneraci\u00f3n superior al sueldo bruto que legalmente le corresponda percibir al cargo del Gobernador.<\/mark><\/p>\n\n\n\n<p><strong>Fuente: www.elsol.com.ar<\/strong><\/p>\n","protected":false},"excerpt":{"rendered":"<p>El&nbsp;Gobierno de Mendoza&nbsp;dio a conocer este lunes que cinco nuevos profesionales de la salud que se desempe\u00f1aban en Terapia Intensiva del&nbsp;hospital Notti&nbsp;quedar\u00e1n&nbsp;exceptuados de la Ley 8727 que establece un tope salarial&nbsp;para el sector p\u00fablico. Los pliegos fueron avalados por la Legislatura, ya que se trata de personal clave para la provincia. Los profesionales que quedaron [&hellip;]<\/p>\n","protected":false},"author":2,"featured_media":3906,"comment_status":"open","ping_status":"open","sticky":false,"template":"","format":"standard","meta":[],"categories":[58],"tags":[],"_links":{"self":[{"href":"https:\/\/pasaenmendoza.com\/index.php?rest_route=\/wp\/v2\/posts\/3905"}],"collection":[{"href":"https:\/\/pasaenmendoza.com\/index.php?rest_route=\/wp\/v2\/posts"}],"about":[{"href":"https:\/\/pasaenmendoza.com\/index.php?rest_route=\/wp\/v2\/types\/post"}],"author":[{"embeddable":true,"href":"https:\/\/pasaenmendoza.com\/index.php?rest_route=\/wp\/v2\/users\/2"}],"replies":[{"embeddable":true,"href":"https:\/\/pasaenmendoza.com\/index.php?rest_route=%2Fwp%2Fv2%2Fcomments&post=3905"}],"version-history":[{"count":1,"href":"https:\/\/pasaenmendoza.com\/index.php?rest_route=\/wp\/v2\/posts\/3905\/revisions"}],"predecessor-version":[{"id":3907,"href":"https:\/\/pasaenmendoza.com\/index.php?rest_route=\/wp\/v2\/posts\/3905\/revisions\/3907"}],"wp:featuredmedia":[{"embeddable":true,"href":"https:\/\/pasaenmendoza.com\/index.php?rest_route=\/wp\/v2\/media\/3906"}],"wp:attachment":[{"href":"https:\/\/pasaenmendoza.com\/index.php?rest_route=%2Fwp%2Fv2%2Fmedia&parent=3905"}],"wp:term":[{"taxonomy":"category","embeddable":true,"href":"https:\/\/pasaenmendoza.com\/index.php?rest_route=%2Fwp%2Fv2%2Fcategories&post=3905"},{"taxonomy":"post_tag","embeddable":true,"href":"https:\/\/pasaenmendoza.com\/index.php?rest_route=%2Fwp%2Fv2%2Ftags&post=3905"}],"curies":[{"name":"wp","href":"https:\/\/api.w.org\/{rel}","templated":true}]}}