{"id":3911,"date":"2023-12-19T14:03:13","date_gmt":"2023-12-19T13:03:13","guid":{"rendered":"https:\/\/pasaenmendoza.com\/?p=3911"},"modified":"2023-12-19T14:03:14","modified_gmt":"2023-12-19T13:03:14","slug":"godoy-cruz-da-un-paso-hacia-un-nuevo-aumento-de-la-electricidad","status":"publish","type":"post","link":"https:\/\/pasaenmendoza.com\/?p=3911","title":{"rendered":"Godoy Cruz da un paso hacia un nuevo aumento de la electricidad"},"content":{"rendered":"\n<p>\u00a0El Ente Provincial Regulador El\u00e9ctrico (EPRE) convoc\u00f3 este martes a una audiencia p\u00fablica para tratar un nuevo\u00a0<strong>aumento<\/strong>\u00a0en la\u00a0<strong>tarifa<\/strong>\u00a0de la\u00a0<strong>electricidad<\/strong>\u00a0en\u00a0<strong>Godoy Cruz<\/strong>\u00a0y en otras zonas de la provincia de Mendoza.<\/p>\n\n\n\n<p>La convocatoria fue hecha para el 23 de enero de 2024 a las 09.30. Fueron convocadas La Cooperativa Empresa El\u00e9ctrica Godoy Cruz y la Federaci\u00f3n de Cooperativas El\u00e9ctricas del Nuevo Cuyo. Esta \u00faltima entidad integra a cooperativas del este provincial, el sur y el Valle de Uco.<\/p>\n\n\n\n<p>En concreto, engloba a la Cooperativa de Electrificaci\u00f3n Rural Alto Verde y Algarrobo Grande, la Cooperativa de Electricidad Consumo Comercializaci\u00f3n Vivienda y Servicios Asistenciales General Alvear, la Cooperativa El\u00e9ctrica y Servicios P\u00fablicos Medrano, la Cooperativa El\u00e9ctrica y Anexos Popular de Rivadavia, la Cooperativa de Electrificaci\u00f3n Rural Sud Rio Tunuy\u00e1n Rivadavia, la Cooperativa de Obras y Servicios P\u00fablicos Asistenciales y Consumo de Bowen, la Cooperativa El\u00e9ctrica Monte Coman yla Cooperativa de Electricidad Edificaci\u00f3n y Servicios P\u00fablicos Santa Rosa.<\/p>\n\n\n\n<p>El objetivo de la audiencia ser\u00e1 &#8220;considerar, poner en conocimiento y escuchar opiniones sobre los acuerdos transaccionales&#8221;, seg\u00fan se\u00f1ala la resoluci\u00f3n del EPRE. En otras palabras, revisar las\u00a0<strong>tarifas<\/strong>\u00a0para acordar nuevos\u00a0<strong>aumentos<\/strong>.<\/p>\n\n\n\n<p>En el Espacio Cultural Julio Le Parc -Sala Vilma R\u00fapolo- se podr\u00e1 seguir la audiencia p\u00fablica de forma presencial, mientras que tambi\u00e9n estar\u00e1 disponible un link a trav\u00e9s de la plataforma Zoom, ingresando aquel d\u00eda a partir de las 9 en\u00a0<a rel=\"noreferrer noopener\" href=\"https:\/\/us02web.zoom.us\/j\/83897554282?pwd=RHg0RUtQWnJzcXZ6cm9zWUhzSlhqdz09\" target=\"_blank\">este enlace<\/a>.<\/p>\n\n\n\n<p>El Gobierno nacional decret\u00f3 este lunes la emergencia del sector energ\u00e9tico nacional hasta fines de 2024. A trav\u00e9s del decreto, orden\u00f3 iniciar una revisi\u00f3n tarifaria para aumentar las boletas. Al mismo tiempo, Javier Milei plantea la quita de subsidios que ayudan a los usuarios a paliar esas subas.<\/p>\n\n\n\n<p><strong>Fuente: www.mendozapost.com<\/strong><\/p>\n","protected":false},"excerpt":{"rendered":"<p>\u00a0El Ente Provincial Regulador El\u00e9ctrico (EPRE) convoc\u00f3 este martes a una audiencia p\u00fablica para tratar un nuevo\u00a0aumento\u00a0en la\u00a0tarifa\u00a0de la\u00a0electricidad\u00a0en\u00a0Godoy Cruz\u00a0y en otras zonas de la provincia de Mendoza. La convocatoria fue hecha para el 23 de enero de 2024 a las 09.30. Fueron convocadas La Cooperativa Empresa El\u00e9ctrica Godoy Cruz y la Federaci\u00f3n de Cooperativas [&hellip;]<\/p>\n","protected":false},"author":2,"featured_media":3912,"comment_status":"open","ping_status":"open","sticky":false,"template":"","format":"standard","meta":[],"categories":[50],"tags":[],"_links":{"self":[{"href":"https:\/\/pasaenmendoza.com\/index.php?rest_route=\/wp\/v2\/posts\/3911"}],"collection":[{"href":"https:\/\/pasaenmendoza.com\/index.php?rest_route=\/wp\/v2\/posts"}],"about":[{"href":"https:\/\/pasaenmendoza.com\/index.php?rest_route=\/wp\/v2\/types\/post"}],"author":[{"embeddable":true,"href":"https:\/\/pasaenmendoza.com\/index.php?rest_route=\/wp\/v2\/users\/2"}],"replies":[{"embeddable":true,"href":"https:\/\/pasaenmendoza.com\/index.php?rest_route=%2Fwp%2Fv2%2Fcomments&post=3911"}],"version-history":[{"count":1,"href":"https:\/\/pasaenmendoza.com\/index.php?rest_route=\/wp\/v2\/posts\/3911\/revisions"}],"predecessor-version":[{"id":3913,"href":"https:\/\/pasaenmendoza.com\/index.php?rest_route=\/wp\/v2\/posts\/3911\/revisions\/3913"}],"wp:featuredmedia":[{"embeddable":true,"href":"https:\/\/pasaenmendoza.com\/index.php?rest_route=\/wp\/v2\/media\/3912"}],"wp:attachment":[{"href":"https:\/\/pasaenmendoza.com\/index.php?rest_route=%2Fwp%2Fv2%2Fmedia&parent=3911"}],"wp:term":[{"taxonomy":"category","embeddable":true,"href":"https:\/\/pasaenmendoza.com\/index.php?rest_route=%2Fwp%2Fv2%2Fcategories&post=3911"},{"taxonomy":"post_tag","embeddable":true,"href":"https:\/\/pasaenmendoza.com\/index.php?rest_route=%2Fwp%2Fv2%2Ftags&post=3911"}],"curies":[{"name":"wp","href":"https:\/\/api.w.org\/{rel}","templated":true}]}}