{"id":3914,"date":"2023-12-19T15:24:00","date_gmt":"2023-12-19T14:24:00","guid":{"rendered":"https:\/\/pasaenmendoza.com\/?p=3914"},"modified":"2023-12-19T15:28:41","modified_gmt":"2023-12-19T14:28:41","slug":"primer-cruce-entre-cornejo-y-milei-fuerte-reclamo-contra-las-retenciones","status":"publish","type":"post","link":"https:\/\/pasaenmendoza.com\/?p=3914","title":{"rendered":"Primer cruce entre Cornejo y Milei: fuerte reclamo contra las retenciones"},"content":{"rendered":"\n<p>Desde el Ejecutivo provincial le pidieron a la Naci\u00f3n que revise la decisi\u00f3n de restablecer las retenciones en la vitivinicultura.<\/p>\n\n\n\n<p>A pocas horas de cumplirse la primera semana al frente del Ejecutivo nacional, las medidas tomadas por el equipo de<strong>&nbsp;Javier Milei<\/strong>&nbsp;dejan cada vez m\u00e1s &#8220;v\u00edctimas&#8221; en el camino y la luna de miel se hace menos tolerable. Desde el Gobierno de Mendoza dieron a conocer que uno de los reclamos que llevar\u00e1n a la Naci\u00f3n este martes buscar\u00e1 que se retroceda con la medida que restableci\u00f3 las&nbsp;<strong>retenciones<\/strong>&nbsp;a la&nbsp;<strong>vitivinicultura<\/strong>.&nbsp;<\/p>\n\n\n\n<p>&#8220;Ante los cambios en el proyecto para modificar los derechos de exportaci\u00f3n para los sectores m\u00e1s sensibles de la agroindustria que dio a conocer el secretario de Bioeconom\u00eda (ex Agricultura), Fernando Vilella, desde el Gobierno de Mendoza se considera que la \u00fanica salida para mantener la estructura productiva actual y evitar problemas de excedentes v\u00ednicos que repercutan en la rentabilidad y sostenibilidad del sector en su base primaria es la exportaci\u00f3n&#8221;, inicia exponiendo el comunicado.<\/p>\n\n\n\n<p>En el p\u00e1rrafo siguiente se\u00f1ala la necesidad de que se &#8220;revea&#8221; la medida: &#8220;Es imperioso que el equipo econ\u00f3mico del Poder Ejecutivo Nacional&nbsp;establezca una al\u00edcuota para los derechos de exportaci\u00f3n de los productos&nbsp;<strong>vitivin\u00edcolas&nbsp;<\/strong>del CERO POR CIENTO (0%)&#8221;.<\/p>\n\n\n\n<p>La gesti\u00f3n encabezada por&nbsp;<strong>Cornejo&nbsp;<\/strong>advierte que, de llevarse adelante esta decisi\u00f3n, se puede poner en grave peligro al sector. &#8220;Se subsumir\u00e1 a la&nbsp;<strong>vitivinicultura&nbsp;<\/strong>en un proceso de contracci\u00f3n en sus ventas totales, que derivar\u00e1 en acumulaci\u00f3n de stocks y a la disminuci\u00f3n de precios pagados a los productores y elaboradores. En definitiva, a mayor nivel de pobreza y exclusi\u00f3n en las provincias productoras&#8221;, expresaron.<\/p>\n\n\n\n<p>FUENTE: Mdzonline.<\/p>\n","protected":false},"excerpt":{"rendered":"<p>Desde el Ejecutivo provincial le pidieron a la Naci\u00f3n que revise la decisi\u00f3n de restablecer las retenciones en la vitivinicultura. A pocas horas de cumplirse la primera semana al frente del Ejecutivo nacional, las medidas tomadas por el equipo de&nbsp;Javier Milei&nbsp;dejan cada vez m\u00e1s &#8220;v\u00edctimas&#8221; en el camino y la luna de miel se hace [&hellip;]<\/p>\n","protected":false},"author":2,"featured_media":3915,"comment_status":"open","ping_status":"open","sticky":true,"template":"","format":"standard","meta":[],"categories":[47],"tags":[],"_links":{"self":[{"href":"https:\/\/pasaenmendoza.com\/index.php?rest_route=\/wp\/v2\/posts\/3914"}],"collection":[{"href":"https:\/\/pasaenmendoza.com\/index.php?rest_route=\/wp\/v2\/posts"}],"about":[{"href":"https:\/\/pasaenmendoza.com\/index.php?rest_route=\/wp\/v2\/types\/post"}],"author":[{"embeddable":true,"href":"https:\/\/pasaenmendoza.com\/index.php?rest_route=\/wp\/v2\/users\/2"}],"replies":[{"embeddable":true,"href":"https:\/\/pasaenmendoza.com\/index.php?rest_route=%2Fwp%2Fv2%2Fcomments&post=3914"}],"version-history":[{"count":2,"href":"https:\/\/pasaenmendoza.com\/index.php?rest_route=\/wp\/v2\/posts\/3914\/revisions"}],"predecessor-version":[{"id":3920,"href":"https:\/\/pasaenmendoza.com\/index.php?rest_route=\/wp\/v2\/posts\/3914\/revisions\/3920"}],"wp:featuredmedia":[{"embeddable":true,"href":"https:\/\/pasaenmendoza.com\/index.php?rest_route=\/wp\/v2\/media\/3915"}],"wp:attachment":[{"href":"https:\/\/pasaenmendoza.com\/index.php?rest_route=%2Fwp%2Fv2%2Fmedia&parent=3914"}],"wp:term":[{"taxonomy":"category","embeddable":true,"href":"https:\/\/pasaenmendoza.com\/index.php?rest_route=%2Fwp%2Fv2%2Fcategories&post=3914"},{"taxonomy":"post_tag","embeddable":true,"href":"https:\/\/pasaenmendoza.com\/index.php?rest_route=%2Fwp%2Fv2%2Ftags&post=3914"}],"curies":[{"name":"wp","href":"https:\/\/api.w.org\/{rel}","templated":true}]}}