{"id":3917,"date":"2023-12-19T15:27:57","date_gmt":"2023-12-19T14:27:57","guid":{"rendered":"https:\/\/pasaenmendoza.com\/?p=3917"},"modified":"2023-12-19T15:27:59","modified_gmt":"2023-12-19T14:27:59","slug":"mendoza-analiza-implementar-su-propio-protocolo-antipiquete","status":"publish","type":"post","link":"https:\/\/pasaenmendoza.com\/?p=3917","title":{"rendered":"Mendoza analiza implementar su propio protocolo antipiquete"},"content":{"rendered":"\n<p>La ministra de Seguridad y Justicia Mercedes Rus encabezar\u00e1 una reuni\u00f3n para definir el plan de acci\u00f3n ante la concentraci\u00f3n y marcha de movimientos sociales previstas para este mi\u00e9rcoles.<\/p>\n\n\n\n<p>La ministra de Seguridad y Justicia,&nbsp;<strong>Mercedes Rus,&nbsp;<\/strong>confirm\u00f3 que este mi\u00e9rcoles habr\u00e1&nbsp;<strong>un operativo de seguridad especial<\/strong>&nbsp;para custodiar la marcha piquetera convocada por distintos sectores para este mi\u00e9rcoles, desde las 18, en coincidencia con un nuevo aniversario de las jornadas del 19 y 20 de diciembre de 2001 que derivaron en la renuncia del expresidente Fernando de la R\u00faa.<\/p>\n\n\n\n<p><strong>Rus\u00a0<\/strong>le asegur\u00f3 a El Sol que \u201c<em>por supuesto que habr\u00e1 un operativo especial<\/em>\u201c, pero el plan de acci\u00f3n quedar\u00e1 definido en una reuni\u00f3n que se llevar\u00e1 a cabo este martes cerca del mediod\u00eda.<\/p>\n\n\n\n<p>Las organizaciones aseguraron que se movilizar\u00e1n en contra del&nbsp;<em>\u201cplan de guerra contra el pueblo trabajador\u201d&nbsp;<\/em>anunciado por el presidente<strong>&nbsp;Javier Milei<\/strong>&nbsp;y el ministro de Econom\u00eda,&nbsp;<strong>Luis Caputo<\/strong>, y tambi\u00e9n por las \u201c<em>medidas represivas e ilegales\u201d&nbsp;<\/em>lanzadas por la ministra de Seguridad,&nbsp;<strong>Patricia Bullrich,<\/strong>&nbsp;en referencia al protocolo antipiquete que, entre otros puntos, habilita el uso de la fuerza p\u00fablica para evitar cortes de tr\u00e1nsito.<\/p>\n\n\n\n<p>Adem\u00e1s, este lunes la ministra de Capital Humano,&nbsp;<strong>Sandra Pettovello<\/strong>, anunci\u00f3 que&nbsp;<em>\u201ctodos aquellos que hayan promovido, instigado, organizado o participado<\/em>\u201d de cortes de calles&nbsp;<em>\u201cperder\u00e1n\u201d&nbsp;<\/em>los&nbsp;<strong>planes sociales<\/strong>&nbsp;y&nbsp;<em>\u201ctodo tipo de di\u00e1logo\u201d&nbsp;<\/em>con su cartera.<\/p>\n\n\n\n<p>Tanto el protocolo como la advertencia de sacar planes a quienes participen de las marchas, se dan en la antesala de una movilizaci\u00f3n convocada para el mi\u00e9rcoles por la\u00a0<strong>Unidad Piquetera<\/strong>, que tendr\u00e1 epicentro en la Ciudad de Buenos Aires pero se replicar\u00e1 en otros puntos del pa\u00eds, entre ellos el\u00a0<strong>microcentro de la capital mendocina.<\/strong><\/p>\n\n\n\n<p>\u201c<em>La funcionaria (por Pettovello) que tendr\u00eda que ocuparse de resolver el problema de la pobreza en la Argentina y la indigencia que con la nueva devaluaci\u00f3n y los aumentos en los precios de los alimentos va a crecer. En Argentina van a haber tres millones de pobres nuevos y en vez de resolver eso, se dedica a atacar a las personas que est\u00e1n disconforme con las medidas de Milei y que van a salir a movilizarse, amenazando que les va a dar de baja el programa social\u201d<\/em>, se\u00f1al\u00f3&nbsp;<strong>Mart\u00edn Rodr\u00edguez, referente del Polo Obrero en Mendoza.<\/strong><\/p>\n\n\n\n<h2 class=\"wp-block-heading\" id=\"h-contra-el-protocolo-antipiquetes\">Contra el protocolo antipiquetes<\/h2>\n\n\n\n<p>Un abogado present\u00f3 ante la Justicia un recurso de amparo solicitando la declaraci\u00f3n de inconstitucionalidad del protocolo de mantenimiento del orden p\u00fablico para evitar cortes de calles dispuesto por el Gobierno nacional, al tiempo que solicit\u00f3 una medida cautelar para suspenderlo en forma \u201cinmediata\u201d.<\/p>\n\n\n\n<p>La presentaci\u00f3n del letrado&nbsp;<strong>Daniel Valmaggia<\/strong>, que recay\u00f3 en el juzgado Contencioso Administrativo N\u00famero 3 a cargo de Santiago Carrillo, se realiz\u00f3 un d\u00eda antes de la primera movilizaci\u00f3n contra el Gobierno de Javier Milei, que organiz\u00f3 la Unidad Piquetera.<\/p>\n\n\n\n<p><em>\u201cRealic\u00e9 la presentaci\u00f3n por propio derecho, como ciudadano que quiere manifestarse en forma pac\u00edfica, porque virtualmente con el protocolo se est\u00e1 declarando un Estado de Sitio al pulverizar los art\u00edculos 14, 14 bis y 16 de la Constituci\u00f3n Nacional, que refieren al libre derecho a reunirse, a peticionar ante las autoridades. Adem\u00e1s, lo que hace la normativa es darle a las fuerzas de seguridad el control operacional de la prohibici\u00f3n de la reuni\u00f3n con fines pac\u00edficos\u201d<\/em>, explic\u00f3 Valmaggia.<\/p>\n\n\n\n<p>En la misma sinton\u00eda, este martes el gobierno bonaerense avis\u00f3 que&nbsp;<strong>no adherir\u00e1 a la medida impulsada por Bullrich<\/strong>, al considerar que<em>&nbsp;\u201ccriminaliza la protesta\u201d.<\/em><\/p>\n\n\n\n<p><em>\u201cNo nos han solicitado el uso del protocolo, no lo vamos a aplicar porque no estamos de acuerdo con las disposiciones\u201d<\/em>, expres\u00f3 el ministro de Gobierno bonaerense, Carlos Bianco, que es uno de los funcionarios m\u00e1s cercano a&nbsp;<strong>Axel Kicillof.<\/strong><\/p>\n\n\n\n<p><em>\u201cLas cosas tienen que ser con cierto orden, pero lo que se ha hecho pasa un l\u00edmite que hemos tenido durante todos estos a\u00f1os de democracia\u201d<\/em>, entendi\u00f3 tambi\u00e9n Bianco, que marc\u00f3:\u00a0<em>\u201cCuestiones de reconocimiento facial, que hay que ver si est\u00e1n validadas en el marco de la normativa legal. Son cosas que habr\u00e1 que analizar\u201d.<\/em><\/p>\n\n\n\n<p>FUENTE: elsol.com.ar <\/p>\n","protected":false},"excerpt":{"rendered":"<p>La ministra de Seguridad y Justicia Mercedes Rus encabezar\u00e1 una reuni\u00f3n para definir el plan de acci\u00f3n ante la concentraci\u00f3n y marcha de movimientos sociales previstas para este mi\u00e9rcoles. La ministra de Seguridad y Justicia,&nbsp;Mercedes Rus,&nbsp;confirm\u00f3 que este mi\u00e9rcoles habr\u00e1&nbsp;un operativo de seguridad especial&nbsp;para custodiar la marcha piquetera convocada por distintos sectores para este mi\u00e9rcoles, [&hellip;]<\/p>\n","protected":false},"author":2,"featured_media":3918,"comment_status":"open","ping_status":"open","sticky":true,"template":"","format":"standard","meta":[],"categories":[47],"tags":[],"_links":{"self":[{"href":"https:\/\/pasaenmendoza.com\/index.php?rest_route=\/wp\/v2\/posts\/3917"}],"collection":[{"href":"https:\/\/pasaenmendoza.com\/index.php?rest_route=\/wp\/v2\/posts"}],"about":[{"href":"https:\/\/pasaenmendoza.com\/index.php?rest_route=\/wp\/v2\/types\/post"}],"author":[{"embeddable":true,"href":"https:\/\/pasaenmendoza.com\/index.php?rest_route=\/wp\/v2\/users\/2"}],"replies":[{"embeddable":true,"href":"https:\/\/pasaenmendoza.com\/index.php?rest_route=%2Fwp%2Fv2%2Fcomments&post=3917"}],"version-history":[{"count":1,"href":"https:\/\/pasaenmendoza.com\/index.php?rest_route=\/wp\/v2\/posts\/3917\/revisions"}],"predecessor-version":[{"id":3919,"href":"https:\/\/pasaenmendoza.com\/index.php?rest_route=\/wp\/v2\/posts\/3917\/revisions\/3919"}],"wp:featuredmedia":[{"embeddable":true,"href":"https:\/\/pasaenmendoza.com\/index.php?rest_route=\/wp\/v2\/media\/3918"}],"wp:attachment":[{"href":"https:\/\/pasaenmendoza.com\/index.php?rest_route=%2Fwp%2Fv2%2Fmedia&parent=3917"}],"wp:term":[{"taxonomy":"category","embeddable":true,"href":"https:\/\/pasaenmendoza.com\/index.php?rest_route=%2Fwp%2Fv2%2Fcategories&post=3917"},{"taxonomy":"post_tag","embeddable":true,"href":"https:\/\/pasaenmendoza.com\/index.php?rest_route=%2Fwp%2Fv2%2Ftags&post=3917"}],"curies":[{"name":"wp","href":"https:\/\/api.w.org\/{rel}","templated":true}]}}