{"id":3921,"date":"2023-12-19T15:32:51","date_gmt":"2023-12-19T14:32:51","guid":{"rendered":"https:\/\/pasaenmendoza.com\/?p=3921"},"modified":"2023-12-19T15:32:53","modified_gmt":"2023-12-19T14:32:53","slug":"el-oficialismo-define-el-desafuero-y-analiza-la-suspension-de-janina-ortiz-en-la-legislatura","status":"publish","type":"post","link":"https:\/\/pasaenmendoza.com\/?p=3921","title":{"rendered":"El oficialismo define el desafuero y analiza la suspensi\u00f3n de Janina Ortiz en la Legislatura"},"content":{"rendered":"\n<p>Este martes se re\u00fane la comisi\u00f3n de Legislaci\u00f3n y Asuntos Constitucionales para emitir un despacho a favor del desafuero de la diputada lasherina. El mi\u00e9rcoles se vota en la C\u00e1mara y el radicalismo tiene mayor\u00eda<\/p>\n\n\n\n<p>La C\u00e1mara de Diputados da este martes un paso m\u00e1s en el an\u00e1lisis del\u00a0<strong>desafuero de Janina Ortiz<\/strong>, ex secretaria de Gobierno de Las Heras y esposa del ex intendente Daniel Orozco. La Comisi\u00f3n de Legislaci\u00f3n y Asuntos Constitucionales se re\u00fane para emitir un despacho que ser\u00e1 tratado en la sesi\u00f3n del mi\u00e9rcoles.<\/p>\n\n\n\n<p>Fueron dos los fiscales que, por pedido de sus superiores,\u00a0<strong>solicitaron a la C\u00e1mara baja el desafuero<\/strong>\u00a0de la diputada de\u00a0<strong>La Uni\u00f3n Mendocina<\/strong>\u00a0para avanzar en las investigaciones penales que la tienen como acusada, una por administraci\u00f3n fraudulenta y otra por coacci\u00f3n.<\/p>\n\n\n\n<p>El\u00a0<strong>radicalismo<\/strong>, convencido de que Ortiz no se ha ajustado a derecho en los \u00faltimos meses y ha dilatado sus presentaciones para evitar el accionar de la Justicia,\u00a0<strong>tiene los votos suficientes para emitir un despacho en su contra este martes y hasta para sacarle los fueros a la diputada<\/strong>\u00a0en la sesi\u00f3n del mi\u00e9rcoles.<\/p>\n\n\n\n<p><strong>Lo que se terminar\u00e1 de analizar en la reuni\u00f3n de comisi\u00f3n es si a ese dictamen se le suma o no la suspensi\u00f3n de Ortiz en el ejercicio de sus funciones.<\/strong><\/p>\n\n\n\n<p>Para ello, el oficialismo prefiere que el resto de las fuerzas (sacando a LAUM) acompa\u00f1en, por lo que es posible que se deje de lado.<\/p>\n\n\n\n<h2 class=\"wp-block-heading\">Desafuero en la comisi\u00f3n de LAC<\/h2>\n\n\n\n<p>Fuera de micr\u00f3fono,&nbsp;<strong>en Diputados creen que el desafuero de Janina Ortiz no ser\u00e1 m\u00e1s que un tr\u00e1mite<\/strong>.<\/p>\n\n\n\n<p>El oficialismo (Cambia Mendoza) tiene como representantes en LAC al presidente de la comisi\u00f3n, el radical&nbsp;<strong>Franco Ambrossini<\/strong>; tambi\u00e9n a&nbsp;<strong>Evelin P\u00e9rez<\/strong>,&nbsp;<strong>C\u00e9sar Catt\u00e1neo<\/strong>,<strong>&nbsp;Jos\u00e9 Vilches<\/strong>,&nbsp;<strong>Silvina G\u00f3mez<\/strong>,&nbsp;<strong>Alberto L\u00f3pez<\/strong>&nbsp;y a&nbsp;<strong>Enrique Thomas<\/strong>, aliado del PRO, y uno de los m\u00e1s insistentes a la hora de pedir el desafuero.<\/p>\n\n\n\n<p>En la comisi\u00f3n tambi\u00e9n est\u00e1&nbsp;<strong>Emanuel Fugazzotto<\/strong>, diputado del Partido Verde y otro de los que desde un primer momento pidi\u00f3 que Ortiz se ponga a disposici\u00f3n de la Justicia.<\/p>\n\n\n\n<p>Por el peronismo, desde donde aseguran que siguen analizando el expediente, est\u00e1n&nbsp;<strong>Germ\u00e1n G\u00f3mez, Natalia Vicencio y Gabriela Lizana<\/strong>. En tanto que por La Uni\u00f3n Mendocina est\u00e1n&nbsp;<strong>Gustavo Cairo y Laura Balsells Mir\u00f3<\/strong>.<\/p>\n\n\n\n<p>Una vez que el despacho de mayor\u00eda -por el desafuero- pase al recinto,&nbsp;<strong>se votar\u00e1 por mayor\u00eda simple<\/strong>&nbsp;por lo que todo indica que los fiscales tendr\u00e1n desde este mi\u00e9rcoles a Ortiz a su disposici\u00f3n.<\/p>\n\n\n\n<p>El efecto del\u00a0<strong>desafuero<\/strong>\u00a0no es m\u00e1s que ese: que la investigaci\u00f3n siga su curso sin que influyan la banca ni las labores que ella tenga como diputada.<\/p>\n\n\n\n<p>FUENTE: Diariouno.com.ar <\/p>\n","protected":false},"excerpt":{"rendered":"<p>Este martes se re\u00fane la comisi\u00f3n de Legislaci\u00f3n y Asuntos Constitucionales para emitir un despacho a favor del desafuero de la diputada lasherina. El mi\u00e9rcoles se vota en la C\u00e1mara y el radicalismo tiene mayor\u00eda La C\u00e1mara de Diputados da este martes un paso m\u00e1s en el an\u00e1lisis del\u00a0desafuero de Janina Ortiz, ex secretaria de [&hellip;]<\/p>\n","protected":false},"author":2,"featured_media":3922,"comment_status":"open","ping_status":"open","sticky":true,"template":"","format":"standard","meta":[],"categories":[47],"tags":[],"_links":{"self":[{"href":"https:\/\/pasaenmendoza.com\/index.php?rest_route=\/wp\/v2\/posts\/3921"}],"collection":[{"href":"https:\/\/pasaenmendoza.com\/index.php?rest_route=\/wp\/v2\/posts"}],"about":[{"href":"https:\/\/pasaenmendoza.com\/index.php?rest_route=\/wp\/v2\/types\/post"}],"author":[{"embeddable":true,"href":"https:\/\/pasaenmendoza.com\/index.php?rest_route=\/wp\/v2\/users\/2"}],"replies":[{"embeddable":true,"href":"https:\/\/pasaenmendoza.com\/index.php?rest_route=%2Fwp%2Fv2%2Fcomments&post=3921"}],"version-history":[{"count":1,"href":"https:\/\/pasaenmendoza.com\/index.php?rest_route=\/wp\/v2\/posts\/3921\/revisions"}],"predecessor-version":[{"id":3923,"href":"https:\/\/pasaenmendoza.com\/index.php?rest_route=\/wp\/v2\/posts\/3921\/revisions\/3923"}],"wp:featuredmedia":[{"embeddable":true,"href":"https:\/\/pasaenmendoza.com\/index.php?rest_route=\/wp\/v2\/media\/3922"}],"wp:attachment":[{"href":"https:\/\/pasaenmendoza.com\/index.php?rest_route=%2Fwp%2Fv2%2Fmedia&parent=3921"}],"wp:term":[{"taxonomy":"category","embeddable":true,"href":"https:\/\/pasaenmendoza.com\/index.php?rest_route=%2Fwp%2Fv2%2Fcategories&post=3921"},{"taxonomy":"post_tag","embeddable":true,"href":"https:\/\/pasaenmendoza.com\/index.php?rest_route=%2Fwp%2Fv2%2Ftags&post=3921"}],"curies":[{"name":"wp","href":"https:\/\/api.w.org\/{rel}","templated":true}]}}