{"id":3924,"date":"2023-12-19T15:37:03","date_gmt":"2023-12-19T14:37:03","guid":{"rendered":"https:\/\/pasaenmendoza.com\/?p=3924"},"modified":"2023-12-19T15:37:05","modified_gmt":"2023-12-19T14:37:05","slug":"piqueteros-marcharan-manana-y-cortaran-calles-en-mendoza-y-todo-el-pais","status":"publish","type":"post","link":"https:\/\/pasaenmendoza.com\/?p=3924","title":{"rendered":"Piqueteros marchar\u00e1n ma\u00f1ana y cortar\u00e1n calles en Mendoza y todo el pa\u00eds"},"content":{"rendered":"\n<p>La tensi\u00f3n entre el Gobierno de Javier Milei y las organizaciones de izquierda ha escalado tras las\u00a0advertencias de la ministra Sandra Pettovello, quien reiter\u00f3 que aquellos que corten calles perder\u00e1n los beneficios de los planes sociales. Ante esto,\u00a0<strong>las agrupaciones confirmaron la convocatoria a una marcha este mi\u00e9rcoles a las 16 en la Plaza de Mayo,<\/strong>\u00a0estimando una asistencia masiva\u00a0<strong>entre 30 y 40 mil personas<\/strong>. Adem\u00e1s, anuncian la<strong>\u00a0presencia de abogados y l\u00edderes de Derechos Humanos para evitar detenciones.<\/strong><\/p>\n\n\n\n<p><strong><em><br>Mendoza no ser\u00e1 la excepci\u00f3n<\/em><\/strong>&nbsp;y partir de las 18 se concentrar\u00e1n movimientos piqueteros y sociales en el kil\u00f3metro cero para plegarse a las manifestaciones en el resto de las principales ciudades de la Argentina.&nbsp;<\/p>\n\n\n\n<p>El\u00a0<strong>Polo Obrero<\/strong>, mediante un comunicado, repudi\u00f3 las declaraciones de Pettovello y reafirm\u00f3 la convocatoria del 20 de diciembre, sumando m\u00e1s organizaciones y con apoyo de otros sectores.<\/p>\n\n\n\n<p>Los referentes de la\u00a0<strong>Unidad Piquetera<\/strong>\u00a0respaldaron la protesta prevista desde el Congreso hacia la Casa Rosada,\u00a0<strong>con cortes no solo en Rivadavia y Avenida de Mayo, sino tambi\u00e9n en las diagonales Norte y Sur<\/strong>.\u00a0<strong>Eduardo Belliboni\u00a0<\/strong>del Polo Obrero advirti\u00f3 sobre la\u00a0<strong>dificultad para marchar por las veredas\u00a0<\/strong>debido a la dimensi\u00f3n de la movilizaci\u00f3n.<\/p>\n\n\n\n<p>La ministra Pettovello hab\u00eda advertido que<strong>\u00a0aquellos que promuevan o participen en cortes perder\u00e1n todo di\u00e1logo con su cartera,<\/strong>\u00a0citando las palabras de Milei sobre cortar y no cobrar. Adem\u00e1s, anunci\u00f3 la\u00a0<strong>suspensi\u00f3n del control de presencialidad\u00a0<\/strong>por parte de las organizaciones, instando a los beneficiarios a no ser coaccionados para asistir a manifestaciones bajo amenaza de perder los planes sociales. De hecho, el gobierno\u00a0<strong>difunde el n\u00famero 134 para denunciar si alguna organizaci\u00f3n pretende obligar\u00a0<\/strong>a alguien a participar de la convocatoria bajo amenazas.\u00a0\u00a0<\/p>\n\n\n\n<p>En medio de reclamos por la p\u00e9rdida de poder adquisitivo de los programas sociales y el rechazo al congelamiento de los planes, las organizaciones se preparan para acciones legales y movilizaciones masivas.\u00a0<strong>Celeste Fierro y Alejandro Bodart del MST presentaron un pedido judicial para suspender el protocolo de Bullrich<\/strong>, mientras otras agrupaciones planean jornadas de ollas populares en plazas de todo el pa\u00eds para el viernes.<\/p>\n\n\n\n<p>FUENTE: Mendozapost.<\/p>\n","protected":false},"excerpt":{"rendered":"<p>La tensi\u00f3n entre el Gobierno de Javier Milei y las organizaciones de izquierda ha escalado tras las\u00a0advertencias de la ministra Sandra Pettovello, quien reiter\u00f3 que aquellos que corten calles perder\u00e1n los beneficios de los planes sociales. Ante esto,\u00a0las agrupaciones confirmaron la convocatoria a una marcha este mi\u00e9rcoles a las 16 en la Plaza de Mayo,\u00a0estimando [&hellip;]<\/p>\n","protected":false},"author":2,"featured_media":3925,"comment_status":"open","ping_status":"open","sticky":true,"template":"","format":"standard","meta":[],"categories":[47],"tags":[],"_links":{"self":[{"href":"https:\/\/pasaenmendoza.com\/index.php?rest_route=\/wp\/v2\/posts\/3924"}],"collection":[{"href":"https:\/\/pasaenmendoza.com\/index.php?rest_route=\/wp\/v2\/posts"}],"about":[{"href":"https:\/\/pasaenmendoza.com\/index.php?rest_route=\/wp\/v2\/types\/post"}],"author":[{"embeddable":true,"href":"https:\/\/pasaenmendoza.com\/index.php?rest_route=\/wp\/v2\/users\/2"}],"replies":[{"embeddable":true,"href":"https:\/\/pasaenmendoza.com\/index.php?rest_route=%2Fwp%2Fv2%2Fcomments&post=3924"}],"version-history":[{"count":1,"href":"https:\/\/pasaenmendoza.com\/index.php?rest_route=\/wp\/v2\/posts\/3924\/revisions"}],"predecessor-version":[{"id":3926,"href":"https:\/\/pasaenmendoza.com\/index.php?rest_route=\/wp\/v2\/posts\/3924\/revisions\/3926"}],"wp:featuredmedia":[{"embeddable":true,"href":"https:\/\/pasaenmendoza.com\/index.php?rest_route=\/wp\/v2\/media\/3925"}],"wp:attachment":[{"href":"https:\/\/pasaenmendoza.com\/index.php?rest_route=%2Fwp%2Fv2%2Fmedia&parent=3924"}],"wp:term":[{"taxonomy":"category","embeddable":true,"href":"https:\/\/pasaenmendoza.com\/index.php?rest_route=%2Fwp%2Fv2%2Fcategories&post=3924"},{"taxonomy":"post_tag","embeddable":true,"href":"https:\/\/pasaenmendoza.com\/index.php?rest_route=%2Fwp%2Fv2%2Ftags&post=3924"}],"curies":[{"name":"wp","href":"https:\/\/api.w.org\/{rel}","templated":true}]}}