{"id":3941,"date":"2023-12-20T18:15:32","date_gmt":"2023-12-20T17:15:32","guid":{"rendered":"https:\/\/pasaenmendoza.com\/?p=3941"},"modified":"2023-12-20T18:15:33","modified_gmt":"2023-12-20T17:15:33","slug":"asi-actuara-el-gobierno-de-mendoza-ante-la-marcha-piquetera-de-este-miercoles","status":"publish","type":"post","link":"https:\/\/pasaenmendoza.com\/?p=3941","title":{"rendered":"As\u00ed actuar\u00e1 el Gobierno de Mendoza ante la marcha piquetera de este mi\u00e9rcoles"},"content":{"rendered":"\n<p>Este mi\u00e9rcoles 20 de diciembre,\u00a0 el gobierno de\u00a0<strong>\u00a0Javier Milei<\/strong>\u00a0enfrentar\u00e1 la primera manifestaci\u00f3n piquetera de organizaciones sociales, en el marco de un nuevo aniversario por el estallido social de 2001 que implic\u00f3 la salida del gobierno del presidente\u00a0<strong>Fernando de la R\u00faa<\/strong>.\u00a0 Adem\u00e1s, se pondr\u00e1 a prueba el protocolo anti piquetes anunciado por la ministra Patricia Bullrich.<\/p>\n\n\n\n<p>Al igual que en el resto del pa\u00eds, la Unidad Piquetera y la Izquierda marchar\u00e1n por el centro de Mendoza para reclamar por las \u00faltimas medidas econ\u00f3micas llevadas adelante por el libertario. La concentraci\u00f3n\u00a0<strong>ser\u00e1 a las 18 en la esquina de Garibaldi y San Mart\u00edn<\/strong>\u00a0y si bien todav\u00eda no se conoce el recorrido de la manifestaci\u00f3n, podr\u00edan desplazarse hasta Casa de Gobierno.\u00a0<\/p>\n\n\n\n<p>Tambi\u00e9n habr\u00e1 movilizaci\u00f3n en el departamento de&nbsp;<strong>San Rafael<\/strong>&nbsp;a partir de las&nbsp; 18:30 en el KM0 de esa comuna (Mitre y Libertador), convocada por la Multisectorial de San Rafael.&nbsp;&nbsp;<\/p>\n\n\n\n<p>Desde el Ministerio de Seguridad de Mendoza que conduce Mercedes Rus indicaron que, ante la realizaci\u00f3n de la protesta, la idea es mantener lo que se viene haciendo cada vez que hay una marcha de este tipo en la provincia.<\/p>\n\n\n\n<p>&#8220;En general, se trabaja muy bien con determinadas organizaciones sociales que, eventualmente son las que las que marchan en la provincia. Se hace un trabajo conjunto con la Direcci\u00f3n de Relaciones con la Comunidad, dentro del Ministerio de Seguridad, que primero hace un abordaje de mediaci\u00f3n, poniendo en conocimiento a estas organizaciones y a quienes est\u00e9n marchando, cu\u00e1les son las condiciones reglamentarias del ejercicio de este derecho de manifestaci\u00f3n en la provincia de Mendoza&#8221;, explicaron.\u00a0<\/p>\n\n\n\n<p>Adem\u00e1s recordaron que si bien se permite el ejercicio de este derecho, se lo hace &#8220;en el marco de determinadas condiciones. Una de ellas es, justamente, que no se corte la calle directamente, sino permitiendo, por lo menos, una v\u00eda de circulaci\u00f3n y dem\u00e1s. Esto se trabaja desde ese lugar y tambi\u00e9n est\u00e1n los dem\u00e1s actores de contenci\u00f3n&#8221;.<\/p>\n\n\n\n<p>En ese sentido destacaron que &#8220;tambi\u00e9n trabaja gente del Ministerio de Educaci\u00f3n en lo que tiene que ver con el cuidado del inter\u00e9s superior del ni\u00f1o, por si hay ni\u00f1os, ni\u00f1as y adolescentes en el marco de la marcha. Adem\u00e1s, se trabaja con el Ministerio P\u00fablico Fiscal, eventualmente, por si, efectivamente, haya alg\u00fan delito o, eventualmente, se corta la calzada&#8221;, finalizaron.<\/p>\n\n\n\n<p>De la convocatoria en Mendoza, junto al PTS y el Frente de Izquierda, ser\u00e1n parte organizaciones socioambientales como la Asamblea por el Agua Pura de Mendoza, junto a las de Guaymall\u00e9n y Las Heras, la Coordinadora por el Cambio Social, la Asamblea de trabajadores y trabajadoras de la literatura, junto a otras organizaciones sociales y de trabajadores precarizados, como la TPL.\u00a0<\/p>\n\n\n\n<p><strong>Fuente: www.mendozapost.com<\/strong><\/p>\n","protected":false},"excerpt":{"rendered":"<p>Este mi\u00e9rcoles 20 de diciembre,\u00a0 el gobierno de\u00a0\u00a0Javier Milei\u00a0enfrentar\u00e1 la primera manifestaci\u00f3n piquetera de organizaciones sociales, en el marco de un nuevo aniversario por el estallido social de 2001 que implic\u00f3 la salida del gobierno del presidente\u00a0Fernando de la R\u00faa.\u00a0 Adem\u00e1s, se pondr\u00e1 a prueba el protocolo anti piquetes anunciado por la ministra Patricia Bullrich. [&hellip;]<\/p>\n","protected":false},"author":2,"featured_media":3942,"comment_status":"open","ping_status":"open","sticky":false,"template":"","format":"standard","meta":[],"categories":[50],"tags":[],"_links":{"self":[{"href":"https:\/\/pasaenmendoza.com\/index.php?rest_route=\/wp\/v2\/posts\/3941"}],"collection":[{"href":"https:\/\/pasaenmendoza.com\/index.php?rest_route=\/wp\/v2\/posts"}],"about":[{"href":"https:\/\/pasaenmendoza.com\/index.php?rest_route=\/wp\/v2\/types\/post"}],"author":[{"embeddable":true,"href":"https:\/\/pasaenmendoza.com\/index.php?rest_route=\/wp\/v2\/users\/2"}],"replies":[{"embeddable":true,"href":"https:\/\/pasaenmendoza.com\/index.php?rest_route=%2Fwp%2Fv2%2Fcomments&post=3941"}],"version-history":[{"count":1,"href":"https:\/\/pasaenmendoza.com\/index.php?rest_route=\/wp\/v2\/posts\/3941\/revisions"}],"predecessor-version":[{"id":3943,"href":"https:\/\/pasaenmendoza.com\/index.php?rest_route=\/wp\/v2\/posts\/3941\/revisions\/3943"}],"wp:featuredmedia":[{"embeddable":true,"href":"https:\/\/pasaenmendoza.com\/index.php?rest_route=\/wp\/v2\/media\/3942"}],"wp:attachment":[{"href":"https:\/\/pasaenmendoza.com\/index.php?rest_route=%2Fwp%2Fv2%2Fmedia&parent=3941"}],"wp:term":[{"taxonomy":"category","embeddable":true,"href":"https:\/\/pasaenmendoza.com\/index.php?rest_route=%2Fwp%2Fv2%2Fcategories&post=3941"},{"taxonomy":"post_tag","embeddable":true,"href":"https:\/\/pasaenmendoza.com\/index.php?rest_route=%2Fwp%2Fv2%2Ftags&post=3941"}],"curies":[{"name":"wp","href":"https:\/\/api.w.org\/{rel}","templated":true}]}}