{"id":3944,"date":"2023-12-20T18:26:18","date_gmt":"2023-12-20T17:26:18","guid":{"rendered":"https:\/\/pasaenmendoza.com\/?p=3944"},"modified":"2023-12-20T18:26:50","modified_gmt":"2023-12-20T17:26:50","slug":"cultura-anuncio-cuanto-cobraran-los-artistas-de-vendimia","status":"publish","type":"post","link":"https:\/\/pasaenmendoza.com\/?p=3944","title":{"rendered":"Cultura anunci\u00f3 cu\u00e1nto cobrar\u00e1n los artistas de Vendimia"},"content":{"rendered":"\n<p>El flamante subsecretario de Cultura, Diego Gareca, anunci\u00f3 este mi\u00e9rcoles que los artistas de la&nbsp;<strong>Fiesta Nacional de la Vendimia cobrar\u00e1n $250.000 de cach\u00e9.<\/strong><\/p>\n\n\n\n<p>\u201cNos reunimos con las distintas asociaciones donde se firm\u00f3 el acta acuerdo\u201d, indic\u00f3 en su cuenta de X, el funcionario.<\/p>\n\n\n\n<p>Para la Vendimia anterior, el sueldo fue de $102.000 para los ensayos y la actuaci\u00f3n en las tres noches del evento.<\/p>\n\n\n\n<p><em>Coronados de historia y futuro<\/em>&nbsp;estar\u00e1 dirigida por&nbsp;<strong>Pablo Perri<\/strong>&nbsp;y el Acto Central se llevar\u00e1 adelante el 2 de marzo, mientras que la segunda y tercera noche se desarrollar\u00e1n el 3 y 4 de marzo, respectivamente.<\/p>\n\n\n\n<p>El lunes, durante el anuncio de la designaci\u00f3n de su cargo, Gareca&nbsp;mencion\u00f3 la importancia de continuar con el trabajo en la organizaci\u00f3n de la&nbsp;<strong>Fiesta Nacional de la Vendimia<\/strong>&nbsp;y destac\u00f3 que la organizaci\u00f3n del evento estaba avanzado en un 60%.<\/p>\n\n\n\n<p><strong>Fuente: www.elsol.com.ar<\/strong><\/p>\n","protected":false},"excerpt":{"rendered":"<p>El flamante subsecretario de Cultura, Diego Gareca, anunci\u00f3 este mi\u00e9rcoles que los artistas de la&nbsp;Fiesta Nacional de la Vendimia cobrar\u00e1n $250.000 de cach\u00e9. \u201cNos reunimos con las distintas asociaciones donde se firm\u00f3 el acta acuerdo\u201d, indic\u00f3 en su cuenta de X, el funcionario. Para la Vendimia anterior, el sueldo fue de $102.000 para los ensayos [&hellip;]<\/p>\n","protected":false},"author":2,"featured_media":3945,"comment_status":"open","ping_status":"open","sticky":false,"template":"","format":"standard","meta":[],"categories":[74],"tags":[],"_links":{"self":[{"href":"https:\/\/pasaenmendoza.com\/index.php?rest_route=\/wp\/v2\/posts\/3944"}],"collection":[{"href":"https:\/\/pasaenmendoza.com\/index.php?rest_route=\/wp\/v2\/posts"}],"about":[{"href":"https:\/\/pasaenmendoza.com\/index.php?rest_route=\/wp\/v2\/types\/post"}],"author":[{"embeddable":true,"href":"https:\/\/pasaenmendoza.com\/index.php?rest_route=\/wp\/v2\/users\/2"}],"replies":[{"embeddable":true,"href":"https:\/\/pasaenmendoza.com\/index.php?rest_route=%2Fwp%2Fv2%2Fcomments&post=3944"}],"version-history":[{"count":2,"href":"https:\/\/pasaenmendoza.com\/index.php?rest_route=\/wp\/v2\/posts\/3944\/revisions"}],"predecessor-version":[{"id":3947,"href":"https:\/\/pasaenmendoza.com\/index.php?rest_route=\/wp\/v2\/posts\/3944\/revisions\/3947"}],"wp:featuredmedia":[{"embeddable":true,"href":"https:\/\/pasaenmendoza.com\/index.php?rest_route=\/wp\/v2\/media\/3945"}],"wp:attachment":[{"href":"https:\/\/pasaenmendoza.com\/index.php?rest_route=%2Fwp%2Fv2%2Fmedia&parent=3944"}],"wp:term":[{"taxonomy":"category","embeddable":true,"href":"https:\/\/pasaenmendoza.com\/index.php?rest_route=%2Fwp%2Fv2%2Fcategories&post=3944"},{"taxonomy":"post_tag","embeddable":true,"href":"https:\/\/pasaenmendoza.com\/index.php?rest_route=%2Fwp%2Fv2%2Ftags&post=3944"}],"curies":[{"name":"wp","href":"https:\/\/api.w.org\/{rel}","templated":true}]}}