{"id":3951,"date":"2023-12-20T18:34:40","date_gmt":"2023-12-20T17:34:40","guid":{"rendered":"https:\/\/pasaenmendoza.com\/?p=3951"},"modified":"2023-12-20T18:34:41","modified_gmt":"2023-12-20T17:34:41","slug":"el-ecoparque-inicio-la-captura-de-los-monos-cai-que-andan-sueltos-en-el-parque-san-martin","status":"publish","type":"post","link":"https:\/\/pasaenmendoza.com\/?p=3951","title":{"rendered":"El Ecoparque inici\u00f3 la captura de los monos ca\u00ed que andan sueltos en el Parque San Mart\u00edn"},"content":{"rendered":"\n<p>Personal del&nbsp;<strong>Ecoparque&nbsp;<\/strong>est\u00e1 trabajando en la&nbsp;<strong>captura de los<\/strong>&nbsp;<strong>monos ca\u00ed&nbsp;<\/strong>(<em>Sapajus cay<\/em>), del ex zool\u00f3gico de Mendoza. Se trata de ejemplares que viven en semicautividad desde el 1990 y suelen verse paseando libremente por la zona del Cerro de la Gloria.<\/p>\n\n\n\n<p>Desde el Ministerio de Energ\u00eda y Ambiente se inform\u00f3 que el rescate es \u201crespetuoso\u201d y tiene como fin registrar, conocer el estado de salud de los espec\u00edmenes y poder eliminar los riesgos a los que esta forma de vida los ha sometido,<mark>&nbsp;como electrocuciones, amputaci\u00f3n de partes del cuerpo e intoxicaciones<\/mark>, entre otros.<\/p>\n\n\n\n<p>El procedimiento se realiza a trav\u00e9s de cebos para que los monos ingrecen en los recintos y as\u00ed encerrarlos para hacer los chequeos m\u00e9dicos y evualar la castraci\u00f3n.<\/p>\n\n\n\n<p>\u201c<em>Es necesario recordar que los primates no son animales dom\u00e9sticos, que la poblaci\u00f3n no debe darles alimentos que pueden poner en riesgo su salud y solicitar que se evite interactuar con ellos, ya que esta conducta puede resultar peligrosa tanto para las personas como para los animales<\/em>\u201c, se inform\u00f3 desde el Ministerio.<\/p>\n\n\n\n<p><strong>Traslado de los caray\u00e1<\/strong><\/p>\n\n\n\n<p>Desde el cierre del zool\u00f3gico, el&nbsp;<strong>Ecoparque&nbsp;<\/strong>vienen desarrollando planes para brindarles mejor calidad de vida a los primates, como la derivaci\u00f3n de la chimpanc\u00e9&nbsp;<strong>Cecilia&nbsp;<\/strong>al Santuario de Sorocoba en 2017 y la construcci\u00f3n en la actualidad de un nuevo recinto para monos papiones.<\/p>\n\n\n\n<p>A su vez, trabaja en el posible traslado de los\u00a0<strong>caray\u00e1\u00a0<\/strong>(<em>Alouatta caraya<\/em>), tambi\u00e9n conocidos como aulladores,\u00a0al C<mark>entro de Rescate e Interpretaci\u00f3n de Fauna La Esmeralda<\/mark>, ubicado en Santa Fe, zona de distribuci\u00f3n natural de estos espec\u00edmenes.<\/p>\n\n\n\n<p>Gracias a un convenio de trabajo colaborativo con la Facultad de Veterinaria de la Universidad Juan A. Maza, este a\u00f1o se inici\u00f3 el Proyecto Alouatta Caraya, con la formaci\u00f3n de un equipo a cargo de Agustina Tapia y con profesionales del \u00e1mbito provincial, personal del Ecoparque y pasantes de la facultad.<\/p>\n\n\n\n<p>Los resultados generados en este programa indican un buen estado sanitario en la mayor\u00eda de los individuos y una poblaci\u00f3n con edades superiores a 10 a\u00f1os.<\/p>\n\n\n\n<p>El director del Ecoparque, Ignacio Haudet, expres\u00f3 que\u00a0<em>\u201cel proyecto permite generar informaci\u00f3n que hasta su inicio no exist\u00eda sobre los animales y al mismo tiempo procurar su bienestar. Se basa en dos objetivos principales: mejorar su calidad de vida por medio de la ambientaci\u00f3n de sus recintos y conocer el estado de salud de la poblaci\u00f3n de los aulladores en el predio<\/em>\u201d.<\/p>\n\n\n\n<p>La antigua sala de necropsias fue reacondicionada como sala de procedimientos donde se les practicaron an\u00e1lisis de materia fecal e hisopados y se les extrajo sangre para&nbsp;<mark>conocer su estado sanitario<\/mark>&nbsp;mediante hemograma, bioqu\u00edmica, y determinaci\u00f3n de enfermedades infecciosas, como tuberculosis, fiebre del oeste del Nilo, paludismo, leishmaniasis, tripanosomiasiszika, chikungu\u00f1a, dengue, herpes e influenza.&nbsp;<\/p>\n\n\n\n<p>Luego del diagn\u00f3stico de los animales, se dise\u00f1\u00f3 y ejecut\u00f3 un plan de ambientaci\u00f3n de sus recintos a fin de estimular conductas propias de la especie.<\/p>\n\n\n\n<p>Para la elaboraci\u00f3n y construcci\u00f3n de nuevas estructuras se reutilizaron y reacondicionaron recursos descartados anteriormente. Los objetos que forman parte de la ambientaci\u00f3n fueron dise\u00f1ados para que su instalaci\u00f3n, limpieza y mantenimiento sean de f\u00e1cil y pr\u00e1ctica resoluci\u00f3n.<\/p>\n\n\n\n<p><strong>Fuente: www.elsol.com.ar<\/strong><\/p>\n","protected":false},"excerpt":{"rendered":"<p>Personal del&nbsp;Ecoparque&nbsp;est\u00e1 trabajando en la&nbsp;captura de los&nbsp;monos ca\u00ed&nbsp;(Sapajus cay), del ex zool\u00f3gico de Mendoza. Se trata de ejemplares que viven en semicautividad desde el 1990 y suelen verse paseando libremente por la zona del Cerro de la Gloria. Desde el Ministerio de Energ\u00eda y Ambiente se inform\u00f3 que el rescate es \u201crespetuoso\u201d y tiene como [&hellip;]<\/p>\n","protected":false},"author":2,"featured_media":3952,"comment_status":"open","ping_status":"open","sticky":false,"template":"","format":"standard","meta":[],"categories":[50],"tags":[],"_links":{"self":[{"href":"https:\/\/pasaenmendoza.com\/index.php?rest_route=\/wp\/v2\/posts\/3951"}],"collection":[{"href":"https:\/\/pasaenmendoza.com\/index.php?rest_route=\/wp\/v2\/posts"}],"about":[{"href":"https:\/\/pasaenmendoza.com\/index.php?rest_route=\/wp\/v2\/types\/post"}],"author":[{"embeddable":true,"href":"https:\/\/pasaenmendoza.com\/index.php?rest_route=\/wp\/v2\/users\/2"}],"replies":[{"embeddable":true,"href":"https:\/\/pasaenmendoza.com\/index.php?rest_route=%2Fwp%2Fv2%2Fcomments&post=3951"}],"version-history":[{"count":1,"href":"https:\/\/pasaenmendoza.com\/index.php?rest_route=\/wp\/v2\/posts\/3951\/revisions"}],"predecessor-version":[{"id":3953,"href":"https:\/\/pasaenmendoza.com\/index.php?rest_route=\/wp\/v2\/posts\/3951\/revisions\/3953"}],"wp:featuredmedia":[{"embeddable":true,"href":"https:\/\/pasaenmendoza.com\/index.php?rest_route=\/wp\/v2\/media\/3952"}],"wp:attachment":[{"href":"https:\/\/pasaenmendoza.com\/index.php?rest_route=%2Fwp%2Fv2%2Fmedia&parent=3951"}],"wp:term":[{"taxonomy":"category","embeddable":true,"href":"https:\/\/pasaenmendoza.com\/index.php?rest_route=%2Fwp%2Fv2%2Fcategories&post=3951"},{"taxonomy":"post_tag","embeddable":true,"href":"https:\/\/pasaenmendoza.com\/index.php?rest_route=%2Fwp%2Fv2%2Ftags&post=3951"}],"curies":[{"name":"wp","href":"https:\/\/api.w.org\/{rel}","templated":true}]}}