{"id":3954,"date":"2023-12-20T19:36:14","date_gmt":"2023-12-20T18:36:14","guid":{"rendered":"https:\/\/pasaenmendoza.com\/?p=3954"},"modified":"2023-12-20T19:36:15","modified_gmt":"2023-12-20T18:36:15","slug":"la-diputada-janina-ortiz-perdio-sus-fueros-y-puede-quedar-imputada","status":"publish","type":"post","link":"https:\/\/pasaenmendoza.com\/?p=3954","title":{"rendered":"La diputada Janina Ortiz perdi\u00f3 sus fueros y puede quedar imputada"},"content":{"rendered":"\n<p>La C\u00e1mara de Diputados de Mendoza le quit\u00f3 la inmunidad a la legisladora de La Uni\u00f3n Mendocina investigada en dos causas. Se encuentra acusada de los delitos de fraude y coacciones.<\/p>\n\n\n\n<p>La diputada provincial\u00a0<strong>Janina Ortiz<\/strong>\u00a0perdi\u00f3 sus\u00a0<strong>fueros\u00a0<\/strong>este mi\u00e9rcoles luego de que la C\u00e1mara de Diputados aprobara, de forma un\u00e1nime, los pedidos de\u00a0<strong>desafuero\u00a0<\/strong>solicitados por dos fiscales que investigan a la ex secretaria de Gobierno de Las Heras por los delitos de fraude a la administraci\u00f3n p\u00fablica y coacciones. De esta manera, la esposa del ex intendente lasherino Daniel Orozco ya no cuenta con inmunidad procesal y puede quedar imputada en ambas causas.<\/p>\n\n\n\n<p>Los pedidos de&nbsp;<strong>desafuero&nbsp;<\/strong>contra&nbsp;<strong>Ortiz&nbsp;<\/strong>hab\u00edan sido presentados semanas atr\u00e1s por el fiscal Flavio D\u2019 Amore, titular de la Fiscal\u00eda de Instrucci\u00f3n N\u00ba 7, y por la fiscal Patricia Atur, de la Fiscal\u00eda de Instrucci\u00f3n N\u00ba 32. Ambos magistrados est\u00e1n a cargo de dos causas en las que investigan presuntos delitos cometidos por la actual legisladora mientras se desempe\u00f1aba como funcionaria de la Municipalidad de Las Heras.<\/p>\n\n\n\n<p>D\u2019 Amore lleva adelante una investigaci\u00f3n por \u201cpresunta comisi\u00f3n del delito de fraude en perjuicio de la Administraci\u00f3n P\u00fablica\u201d en la cual se se\u00f1ala a la ex secretaria de Gobierno lasherina como presunta coautora por el supuesto desv\u00edo de 35 millones de pesos a la cooperativa de trabajo Manos a la Obra. En esa causa ya est\u00e1n imputados el ex intendente Orozco y varios ex funcionarios municipales.<\/p>\n\n\n\n<p>El otro proceso est\u00e1 vinculado a una acusaci\u00f3n de coacciones contra&nbsp;<strong>Ortiz&nbsp;<\/strong>realizada por una empleada municipal, quien denunci\u00f3 que la ex secretaria de Gobierno la habr\u00eda amenazado para obligarla a mantener relaciones sexuales con un funcionario para grabarlo y obtener informaci\u00f3n sensible. Se trataba del ex subsecretario de Pol\u00edticas Sociales, Osvaldo Oyhenart, quien aparecer\u00eda en la supuesta grabaci\u00f3n de la cual se desprendi\u00f3 la causa por las cooperativas.<\/p>\n\n\n\n<p>Luego de que la C\u00e1mara de Diputados aprobara este mi\u00e9rcoles los pedidos de&nbsp;<strong>desafuero<\/strong>,&nbsp;<strong>Ortiz&nbsp;<\/strong>perdi\u00f3 la inmunidad procesal que le otorgaba su cargo de legisladora y por lo tanto ahora podr\u00eda quedar imputada en ambas causas. Hasta el momento los fiscales no la notificaron debido a la inmunidad procesal que le otorg\u00f3 el cargo al que accedi\u00f3 en las \u00faltimas elecciones provinciales.<\/p>\n\n\n\n<p><strong>Ortiz&nbsp;<\/strong>asumi\u00f3 su banca de diputada provincial el pasado 23 de noviembre, luego de haber sido electa en los comicios provinciales de septiembre integrando las listas de La Uni\u00f3n Mendoza, el espacio que postul\u00f3 a Omar De Marchi como gobernador y a Daniel Orozco como vicegobernador.<\/p>\n\n\n\n<p>El \u00faltimo caso de quita de fueros a un legislador mendocino ocurri\u00f3 en 2020. Sucedi\u00f3 con el entonces senador Marcelo Romano, quien fuera aliado de Protectora y luego se sumara al Partido Verde. El dirigente sancarlino estaba acusado por la Justicia por el\u00a0delito de atentado contra la autoridad, en un hecho ocurrido en las elecciones del 11 de agosto de 2019, cuando la Polic\u00eda Vial requiri\u00f3 documentaci\u00f3n a la hija del senador. Romano habr\u00eda increpado a los uniformados amenaz\u00e1ndolos con &#8220;hacerlos perder su trabajo&#8221; por haber demorado a su hija.<\/p>\n\n\n\n<p>FUENTE: Mdzonline.<\/p>\n","protected":false},"excerpt":{"rendered":"<p>La C\u00e1mara de Diputados de Mendoza le quit\u00f3 la inmunidad a la legisladora de La Uni\u00f3n Mendocina investigada en dos causas. Se encuentra acusada de los delitos de fraude y coacciones. La diputada provincial\u00a0Janina Ortiz\u00a0perdi\u00f3 sus\u00a0fueros\u00a0este mi\u00e9rcoles luego de que la C\u00e1mara de Diputados aprobara, de forma un\u00e1nime, los pedidos de\u00a0desafuero\u00a0solicitados por dos fiscales que [&hellip;]<\/p>\n","protected":false},"author":2,"featured_media":3955,"comment_status":"open","ping_status":"open","sticky":true,"template":"","format":"standard","meta":[],"categories":[47],"tags":[],"_links":{"self":[{"href":"https:\/\/pasaenmendoza.com\/index.php?rest_route=\/wp\/v2\/posts\/3954"}],"collection":[{"href":"https:\/\/pasaenmendoza.com\/index.php?rest_route=\/wp\/v2\/posts"}],"about":[{"href":"https:\/\/pasaenmendoza.com\/index.php?rest_route=\/wp\/v2\/types\/post"}],"author":[{"embeddable":true,"href":"https:\/\/pasaenmendoza.com\/index.php?rest_route=\/wp\/v2\/users\/2"}],"replies":[{"embeddable":true,"href":"https:\/\/pasaenmendoza.com\/index.php?rest_route=%2Fwp%2Fv2%2Fcomments&post=3954"}],"version-history":[{"count":1,"href":"https:\/\/pasaenmendoza.com\/index.php?rest_route=\/wp\/v2\/posts\/3954\/revisions"}],"predecessor-version":[{"id":3956,"href":"https:\/\/pasaenmendoza.com\/index.php?rest_route=\/wp\/v2\/posts\/3954\/revisions\/3956"}],"wp:featuredmedia":[{"embeddable":true,"href":"https:\/\/pasaenmendoza.com\/index.php?rest_route=\/wp\/v2\/media\/3955"}],"wp:attachment":[{"href":"https:\/\/pasaenmendoza.com\/index.php?rest_route=%2Fwp%2Fv2%2Fmedia&parent=3954"}],"wp:term":[{"taxonomy":"category","embeddable":true,"href":"https:\/\/pasaenmendoza.com\/index.php?rest_route=%2Fwp%2Fv2%2Fcategories&post=3954"},{"taxonomy":"post_tag","embeddable":true,"href":"https:\/\/pasaenmendoza.com\/index.php?rest_route=%2Fwp%2Fv2%2Ftags&post=3954"}],"curies":[{"name":"wp","href":"https:\/\/api.w.org\/{rel}","templated":true}]}}