{"id":3957,"date":"2023-12-20T19:41:12","date_gmt":"2023-12-20T18:41:12","guid":{"rendered":"https:\/\/pasaenmendoza.com\/?p=3957"},"modified":"2023-12-20T19:41:13","modified_gmt":"2023-12-20T18:41:13","slug":"tadeo-garcia-zalazar-dispuso-el-fin-de-las-misiones-especiales-de-docentes","status":"publish","type":"post","link":"https:\/\/pasaenmendoza.com\/?p=3957","title":{"rendered":"Tadeo Garc\u00eda Zalazar dispuso el fin de las misiones especiales de docentes"},"content":{"rendered":"\n<p>La medida fue publicada este mi\u00e9rcoles en el Bolet\u00edn Oficial, mediante la resoluci\u00f3n 7897.<\/p>\n\n\n\n<p>El ministro de Educaci\u00f3n,&nbsp;<mark>Tadeo Garc\u00eda Zalazar, dispuso culminar las afectaciones de misiones especiales de docentes.<\/mark>&nbsp;La medida tiene como finalidad garantizar la expansi\u00f3n del Sistema Educativo, adem\u00e1s de ordenar y optimizar los recursos docentes con que cuenta la Direcci\u00f3n General de Escuelas (DGE).<\/p>\n\n\n\n<p><em>\u201cDisp\u00f3ngase que, a partir del 31 de enero de 2024, finalicen todas las afectaciones a Misiones Especiales que fueron otorgadas con anterioridad al 15 de diciembre de 2023\u201d<\/em>, establece el art\u00edculo 1 de la resoluci\u00f3n 7897, publicada este mi\u00e9rcoles en el Bolet\u00edn Oficial. Adem\u00e1s determina\u00a0<mark>los docentes implicados deber\u00e1n volver a sus escuelas de origen desde el 2 de febrero del 2024.<\/mark><\/p>\n\n\n\n<p>La norma legal tambi\u00e9n contempla que los supervisores tendr\u00e1n la posibilidad de dar continuidad a los docentes en misi\u00f3n especial afectados a su equipo t\u00e9cnico, previa autorizaci\u00f3n.<\/p>\n\n\n\n<p>\u201cDicha solicitud deber\u00e1 incluir una justificaci\u00f3n detallada sobre la necesidad de mantener la misi\u00f3n especial, as\u00ed como un desglose de las tareas desarrolladas en el ejercicio de la misma. Este requerimiento ser\u00e1 evaluado por la autoridad correspondiente a fin de determinar la necesidad del servicio y\/o la pertinencia de la misi\u00f3n especial\u201d, expresa la resoluci\u00f3n en su tercer art\u00edculo.<\/p>\n\n\n\n<p>No se trata de una disposici\u00f3n nueva,&nbsp;<mark>ya hubo antecedente similar en el 2016<\/mark>, cuando se determin\u00f3 el cese de las afectaciones de docentes en calidad de misiones especiales que ven\u00edan heredados por el anterior gobierno.<\/p>\n\n\n\n<h2 class=\"wp-block-heading\" id=\"h-que-son-las-misiones-especiales\">Qu\u00e9 son las misiones especiales<\/h2>\n\n\n\n<p>Se tratan de servicios que prestan los docentes en diferentes reparticiones gubernamentales, en su gran mayor\u00eda oficinas de la DGE, pero que al retirarlos de las escuelas de origen para cumplir funciones en otras dependencias, se debe convocar a suplentes en sus cargos originales, por ende las misiones especiales suponen pagar dos sueldos: uno para el docente convocado en misi\u00f3n especial y otro sueldo para el suplente que lo reemplaza en la escuela de origen.<\/p>\n\n\n\n<p>FUENTE: elsol.com.ar <\/p>\n\n\n\n<p><\/p>\n","protected":false},"excerpt":{"rendered":"<p>La medida fue publicada este mi\u00e9rcoles en el Bolet\u00edn Oficial, mediante la resoluci\u00f3n 7897. El ministro de Educaci\u00f3n,&nbsp;Tadeo Garc\u00eda Zalazar, dispuso culminar las afectaciones de misiones especiales de docentes.&nbsp;La medida tiene como finalidad garantizar la expansi\u00f3n del Sistema Educativo, adem\u00e1s de ordenar y optimizar los recursos docentes con que cuenta la Direcci\u00f3n General de Escuelas [&hellip;]<\/p>\n","protected":false},"author":2,"featured_media":3958,"comment_status":"open","ping_status":"open","sticky":true,"template":"","format":"standard","meta":[],"categories":[47],"tags":[],"_links":{"self":[{"href":"https:\/\/pasaenmendoza.com\/index.php?rest_route=\/wp\/v2\/posts\/3957"}],"collection":[{"href":"https:\/\/pasaenmendoza.com\/index.php?rest_route=\/wp\/v2\/posts"}],"about":[{"href":"https:\/\/pasaenmendoza.com\/index.php?rest_route=\/wp\/v2\/types\/post"}],"author":[{"embeddable":true,"href":"https:\/\/pasaenmendoza.com\/index.php?rest_route=\/wp\/v2\/users\/2"}],"replies":[{"embeddable":true,"href":"https:\/\/pasaenmendoza.com\/index.php?rest_route=%2Fwp%2Fv2%2Fcomments&post=3957"}],"version-history":[{"count":1,"href":"https:\/\/pasaenmendoza.com\/index.php?rest_route=\/wp\/v2\/posts\/3957\/revisions"}],"predecessor-version":[{"id":3959,"href":"https:\/\/pasaenmendoza.com\/index.php?rest_route=\/wp\/v2\/posts\/3957\/revisions\/3959"}],"wp:featuredmedia":[{"embeddable":true,"href":"https:\/\/pasaenmendoza.com\/index.php?rest_route=\/wp\/v2\/media\/3958"}],"wp:attachment":[{"href":"https:\/\/pasaenmendoza.com\/index.php?rest_route=%2Fwp%2Fv2%2Fmedia&parent=3957"}],"wp:term":[{"taxonomy":"category","embeddable":true,"href":"https:\/\/pasaenmendoza.com\/index.php?rest_route=%2Fwp%2Fv2%2Fcategories&post=3957"},{"taxonomy":"post_tag","embeddable":true,"href":"https:\/\/pasaenmendoza.com\/index.php?rest_route=%2Fwp%2Fv2%2Ftags&post=3957"}],"curies":[{"name":"wp","href":"https:\/\/api.w.org\/{rel}","templated":true}]}}