{"id":3960,"date":"2023-12-20T19:46:42","date_gmt":"2023-12-20T18:46:42","guid":{"rendered":"https:\/\/pasaenmendoza.com\/?p=3960"},"modified":"2023-12-20T19:46:43","modified_gmt":"2023-12-20T18:46:43","slug":"fayad-el-kirchnerismo-hizo-campana-con-plata-de-las-provincias","status":"publish","type":"post","link":"https:\/\/pasaenmendoza.com\/?p=3960","title":{"rendered":"Fayad: &#8220;El kirchnerismo hizo campa\u00f1a con plata de las provincias&#8221;"},"content":{"rendered":"\n<p>Este martes,\u00a0<strong>el presidente Javier Milei se reuni\u00f3 con los gobernadores de todo el pa\u00eds para diagramar algunas de las pol\u00edticas que se llevar\u00e1n adelante de cara al 2024<\/strong>. En ese contexto, varias pol\u00edticas que inciden en la realidad mendocina fueron puestas sobre el tapete.<\/p>\n\n\n\n<p>La posibilidad de una\u00a0<strong>vuelta atr\u00e1s con el Impuesto a las Ganancias por el plazo de un a\u00f1o fue uno de los temas que se desliz\u00f3<\/strong>. En di\u00e1logo con el ministro\u00a0<strong>V\u00edctor Fayad<\/strong>\u00a0explic\u00f3 algunos de los planteos que el gobernador Alfredo Cornejo fue a realizar en la reuni\u00f3n.<\/p>\n\n\n\n<p>En primera instancia,&nbsp;<strong>Fayad apunt\u00f3 que Mendoza apoyar\u00eda una posible vuelta atr\u00e1s con la modificaci\u00f3n que se realiz\u00f3 durante la campa\u00f1a en torno a la cuarta categor\u00eda del Impuesto a las Ganancias<\/strong>.<\/p>\n\n\n\n<p>&#8220;Es una reforma que impuls\u00f3 un ministro candidato, los legisladores votaron en contra en su momento. Estaban haciendo campa\u00f1a con el dinero de las provincias&#8221;, apunt\u00f3 el Ministro de Hacienda y Finanzas de Mendoza.<\/p>\n\n\n\n<p>Seg\u00fan apunta un an\u00e1lisis del Instituto Argentino de An\u00e1lisis Fiscal (Iaraf), en base a los c\u00e1lculos de la Oficina de Presupuesto del Congreso (OPC), las provincias perder\u00edan recursos por 0,48% del PBI si queda firme la eliminaci\u00f3n de Ganancias para la cuarta categor\u00eda.<\/p>\n\n\n\n<p>En ese marco, Fayad asegur\u00f3 que uno de los planteos de los gobernadores fue\u00a0<strong>&#8220;de qu\u00e9 forma pueden las provincias recuperar lo que corresponde&#8221;<\/strong>. Mientras que record\u00f3 que &#8220;cuando sali\u00f3 la ley, desde Mendoza presentamos una demanda en la Corte&#8221;.<\/p>\n\n\n\n<p>En tanto que advirti\u00f3 que &#8220;estamos en emergencia, no se puede especular&#8221;. Y asegur\u00f3 que &#8220;en el marco de esa emergencia, \u2018lo menos peor&#8217; ser\u00eda revisar la norma o volver a como estaba en la situaci\u00f3n previa&#8221;.<\/p>\n\n\n\n<p><strong>Ante este panorama, Fayad apunt\u00f3 que &#8220;el impacto es de casi dos masas salariales&#8221;.<\/strong><\/p>\n\n\n\n<p>Otros gobernadores apuntaron que una de las alternativas ser\u00eda tornar coparticipable al Impuesto al Cheque y obtener desde ah\u00ed los fondos perdidos por Ganancias. &#8220;El Impuesto al Cheque va a los Jubilados, es un impuesto que va en un 100% al Anses&#8221;, remarc\u00f3 el ministro.<\/p>\n\n\n\n<p>En este cuadro de &#8220;s\u00e1bana corta&#8221;, donde el Gobierno debe analizar a qu\u00e9 sector le puede impactar la toma de decisiones sobre cambios en torno a sus pol\u00edticas fiscales, Fayad plante\u00f3 que &#8220;\u00bfqueremos bajar impuestos? Est\u00e1 bien, pero hay que ordenar lo fiscal&#8221;.<\/p>\n\n\n\n<p>&#8220;Ganancias es progresivo, van pagando los que m\u00e1s ganan. Adem\u00e1s es federal, se redistribuye y hay m\u00e1s trabajadores que pagan en Buenos Aires que en el interior, remarc\u00f3 el ministro.<\/p>\n\n\n\n<p>&#8220;Nosotros queremos que nos devuelvan lo que corresponde. Creemos que la mejor forma es volver atr\u00e1s con esto, fue una medida electoralista&#8221;, subray\u00f3 V\u00edctor Fayad. Y asegur\u00f3 que &#8220;no hay que ser hip\u00f3critas, estamos en emergencia&#8221;.<\/p>\n\n\n\n<p>Por otro lado, el ministro explic\u00f3 que estas discusiones y otras m\u00e1s ser\u00e1n debatidas en el Congreso, entonces puede haber modificaciones o tanto avances como retrocesos, &#8220;no es blanco o negro&#8221;, apunt\u00f3.<\/p>\n\n\n\n<p>Mientras que explic\u00f3 que en el \u00e1mbito de la vitivinicultura, el gobernador Cornejo &#8220;le pidi\u00f3 directamente a Milei las retenciones cero para esa industria&#8221; y a\u00f1adi\u00f3 que &#8220;es un sector que necesita retenciones cero para salir adelante&#8221;.<\/p>\n\n\n\n<p>El panorama no es igual para la soja que para la vitivinicultura, el sector emblema de Mendoza es parte de una de las marcas insignia del pa\u00eds, es una industria con valor agregado y posiciona tanto a la provincia como al pa\u00eds en distintos horizontes.<\/p>\n\n\n\n<p>Adem\u00e1s, lo que obtiene el pa\u00eds por retenciones a este sector no incide &#8220;en la balanza&#8221; de la Argentina como si inciden las retenciones cero en las provincias vitivin\u00edcolas.<\/p>\n\n\n\n<p>&#8220;Hay que ver c\u00f3mo impacta el paquete. El tipo de cambio, las trabajas a las importaciones, hay varias cosas a analizar en el largo plazo. Nuestros legisladores lo analizar\u00e1n y se discutir\u00e1 en el Congreso&#8221;, sentenci\u00f3 Fayad.<\/p>\n\n\n\n<p>FUENTE: Mendozapost.<\/p>\n","protected":false},"excerpt":{"rendered":"<p>Este martes,\u00a0el presidente Javier Milei se reuni\u00f3 con los gobernadores de todo el pa\u00eds para diagramar algunas de las pol\u00edticas que se llevar\u00e1n adelante de cara al 2024. En ese contexto, varias pol\u00edticas que inciden en la realidad mendocina fueron puestas sobre el tapete. La posibilidad de una\u00a0vuelta atr\u00e1s con el Impuesto a las Ganancias [&hellip;]<\/p>\n","protected":false},"author":2,"featured_media":3961,"comment_status":"open","ping_status":"open","sticky":true,"template":"","format":"standard","meta":[],"categories":[47],"tags":[],"_links":{"self":[{"href":"https:\/\/pasaenmendoza.com\/index.php?rest_route=\/wp\/v2\/posts\/3960"}],"collection":[{"href":"https:\/\/pasaenmendoza.com\/index.php?rest_route=\/wp\/v2\/posts"}],"about":[{"href":"https:\/\/pasaenmendoza.com\/index.php?rest_route=\/wp\/v2\/types\/post"}],"author":[{"embeddable":true,"href":"https:\/\/pasaenmendoza.com\/index.php?rest_route=\/wp\/v2\/users\/2"}],"replies":[{"embeddable":true,"href":"https:\/\/pasaenmendoza.com\/index.php?rest_route=%2Fwp%2Fv2%2Fcomments&post=3960"}],"version-history":[{"count":1,"href":"https:\/\/pasaenmendoza.com\/index.php?rest_route=\/wp\/v2\/posts\/3960\/revisions"}],"predecessor-version":[{"id":3962,"href":"https:\/\/pasaenmendoza.com\/index.php?rest_route=\/wp\/v2\/posts\/3960\/revisions\/3962"}],"wp:featuredmedia":[{"embeddable":true,"href":"https:\/\/pasaenmendoza.com\/index.php?rest_route=\/wp\/v2\/media\/3961"}],"wp:attachment":[{"href":"https:\/\/pasaenmendoza.com\/index.php?rest_route=%2Fwp%2Fv2%2Fmedia&parent=3960"}],"wp:term":[{"taxonomy":"category","embeddable":true,"href":"https:\/\/pasaenmendoza.com\/index.php?rest_route=%2Fwp%2Fv2%2Fcategories&post=3960"},{"taxonomy":"post_tag","embeddable":true,"href":"https:\/\/pasaenmendoza.com\/index.php?rest_route=%2Fwp%2Fv2%2Ftags&post=3960"}],"curies":[{"name":"wp","href":"https:\/\/api.w.org\/{rel}","templated":true}]}}