{"id":3963,"date":"2023-12-20T19:51:17","date_gmt":"2023-12-20T18:51:17","guid":{"rendered":"https:\/\/pasaenmendoza.com\/?p=3963"},"modified":"2023-12-20T19:51:18","modified_gmt":"2023-12-20T18:51:18","slug":"latorre-advirtio-que-por-la-quita-de-subsidios-peligra-la-ley-de-zona-fria-y-el-gas-podria-subir-un-50","status":"publish","type":"post","link":"https:\/\/pasaenmendoza.com\/?p=3963","title":{"rendered":"Latorre advirti\u00f3 que por la quita de subsidios peligra la ley de zona fr\u00eda y el gas podr\u00eda subir un 50%"},"content":{"rendered":"\n<p>La ministra de Energ\u00eda de Mendoza cont\u00f3 que la Naci\u00f3n busca cambiar el criterio con el que se subsidia el gas. En la ley de zona fr\u00eda el subsidio era territorial y ahora se subsidiar\u00e1 la demanda vulnerable<\/p>\n\n\n\n<p>La\u00a0<strong>quita de subsidios<\/strong>\u00a0que planea aplicar el Gobierno nacional\u00a0no s\u00f3lo impactar\u00e1 en la boleta de la energ\u00eda el\u00e9ctrica en Mendoza, se\u00a0<strong>palpar\u00e1 a\u00fan con m\u00e1s dureza en la tarifa del gas<\/strong>\u00a0que pagar\u00e1n los mendocinos que\u00a0<strong>podr\u00eda subir un 50%<\/strong>\u00a0m\u00e1s. Es que la nueva gesti\u00f3n de Javier Milei pretende subsidiar la demanda y puntualmente a los sectores vulnerables que no tengan los ingresos para pagar el servicio, lo que hace que\u00a0<strong>peligre la ley de zona fr\u00eda que beneficia a Mendoza desde el 2021.<\/strong><\/p>\n\n\n\n<p>De hecho el interventor del Ente Nacional Regulador del Gas (ENARGAS) anunci\u00f3 este martes la convocatoria a la\u00a0<strong>audiencia p\u00fablica que ser\u00e1 el 8 de enero del 2024<\/strong>\u00a0en donde se discutir\u00e1n c\u00f3mo se podr\u00edan componer las nuevas tarifas y se prev\u00e9n cambios inminentes.<\/p>\n\n\n\n<p>&#8220;De lo que han anunciado se desprende que ahora&nbsp;<strong>la Naci\u00f3n pretende subsidiar a la demanda,<\/strong>&nbsp;identificando sobretodo a la demanda vulnerable<strong>&nbsp;seg\u00fan el nivel de ingresos de los usuarios, que ser\u00eda similar a la tarifa social<\/strong>&nbsp;que implement\u00f3 Macri. Eso lleva a pensar que&nbsp;<strong>peligra el subsidio con el criterio territorial, como es el caso de la ley de zona fr\u00eda&nbsp;<\/strong>que defin\u00eda el beneficio seg\u00fan el lugar en que viven los usuarios, lo que alcanza a Mendoza&#8221;, comenz\u00f3 explicando la ministra Jimena Latorre.<\/p>\n\n\n\n<p>Seg\u00fan la funcionaria mendocina, si esa ley dejara de aplicarse &#8220;<strong>el incremento en la tarifa del gas podr\u00eda ser de un 50%<\/strong>&#8220;.<\/p>\n\n\n\n<p>Hay que recordar que esa\u00a0<strong>ley de zona fr\u00eda que se sancion\u00f3 en el 2021<\/strong>\u00a0y que incluy\u00f3 a toda la provincia -antes de eso s\u00f3lo se beneficiaba el departamento de Malarg\u00fce- hizo que\u00a0<strong>la tarifa del gas se redujera entre un 30% y un 50%<\/strong>. Un porcentaje similar es el que volver\u00eda a recuperar la tarifa del gas si desaparece el beneficio.<\/p>\n\n\n\n<p>Entre los autores de aquel proyecto estuvo en aquel momento el diputado mendocino Jos\u00e9 Luis Ram\u00f3n, pero a \u00e9l se acoplaron Sergio Massa y M\u00e1ximo Kirchner y as\u00ed la ley alcanz\u00f3 a 14 provincias y termin\u00f3 beneficiando a unos 3 millones de usuarios.<\/p>\n\n\n\n<h2 class=\"wp-block-heading\">C\u00f3mo impactar\u00eda la quita de subsidios en la tarifa energ\u00e9tica<\/h2>\n\n\n\n<p>Seg\u00fan explic\u00f3 Latorre, la tarifa energ\u00e9tica que pagan los mendocinos no subir\u00eda demasiado con la quita de subsidios que baraja el Gobierno de Javier Milei.<\/p>\n\n\n\n<p>Eso se debe a que en la provincia&nbsp;<strong>la tarifa energ\u00e9tica se conforma con tres componentes: el valor de la generaci\u00f3n de la energ\u00eda, el del transporte y el de la distribuci\u00f3n.<\/strong>&nbsp;En principio, el recorte de subsidios impactar\u00eda s\u00f3lo en los dos primeros componentes, a cuyos valores los fija la Naci\u00f3n.<\/p>\n\n\n\n<p>En cambio,&nbsp;<strong>al valor de la distribuci\u00f3n s\u00ed lo establece el Gobierno provincial<\/strong>&nbsp;y seg\u00fan remarc\u00f3 Latorre &#8220;ese valor&nbsp;<strong>ya fue actualizado recientemente<\/strong>&nbsp;por lo que no deber\u00eda subir en el corto plazo&#8221;.<\/p>\n\n\n\n<p>&#8220;El precio de la energ\u00eda sobre el que tendr\u00eda un primer impacto representa un 35% de la factura que pagan los mendocinos. Ese 35% se puede duplicar, se puede triplicar, eso depende de las decisiones que tome el Gobierno nacional\u201d, especul\u00f3 Latorre.<\/p>\n\n\n\n<h2 class=\"wp-block-heading\">Qu\u00e9 se discutir\u00e1 en la audiencia del gas<\/h2>\n\n\n\n<p>Seg\u00fan lo que se public\u00f3 en el Bolet\u00edn Oficial de la Naci\u00f3n, el Ente Nacional Regulador del Gas, decidi\u00f3 convocar a una&nbsp;<strong>audiencia p\u00fablica virtual para el pr\u00f3ximo 8 de enero con el fin de discutir varias de las variables que impactan en la tarifa final.<\/strong><\/p>\n\n\n\n<p>En el temario a discutir figuran:<\/p>\n\n\n\n<ul>\n<li>Adecuaci\u00f3n transitoria de las tarifas del servicio p\u00fablico de transporte de gas natural (confr. Dec.<\/li>\n<\/ul>\n\n\n\n<p>N\u00b0 1020\/20 y Dec. N\u00b0 815\/22);<\/p>\n\n\n\n<ul>\n<li>Adecuaci\u00f3n transitoria de las tarifas del servicio p\u00fablico de distribuci\u00f3n de gas por redes (confr. Dec. N\u00b0 1020\/20 y Dec. N\u00b0 815\/22);<\/li>\n\n\n\n<li>Traslado a tarifas del precio de gas comprado en los t\u00e9rminos del Numeral 9.4.2. de las Reglas B\u00e1sicas de la Licencia de Distribuci\u00f3n;<\/li>\n\n\n\n<li>Determinaci\u00f3n de un \u00edndice de actualizaci\u00f3n mensual para las tarifas del servicio p\u00fablico de transporte de gas natural y del servicio p\u00fablico de distribuci\u00f3n de gas por redes;<\/li>\n\n\n\n<li>Tratamiento de la incidencia del costo del flete y\/o transporte de Gas Licuado de Petr\u00f3leo (GLP) respecto de las localidades abastecidas con gas propano\/butano indiluido por redes<\/li>\n\n\n\n<li>Tratamiento de la incidencia del precio del gas en el costo del gas natural no contabilizado (GNNC)<\/li>\n\n\n\n<li>Reversi\u00f3n del Gasoducto Norte &#8211; criterios de tarificaci\u00f3n y asignaci\u00f3n de capacidad.<\/li>\n<\/ul>\n\n\n\n<p>FUENTE: Diariouno.com.ar <\/p>\n","protected":false},"excerpt":{"rendered":"<p>La ministra de Energ\u00eda de Mendoza cont\u00f3 que la Naci\u00f3n busca cambiar el criterio con el que se subsidia el gas. En la ley de zona fr\u00eda el subsidio era territorial y ahora se subsidiar\u00e1 la demanda vulnerable La\u00a0quita de subsidios\u00a0que planea aplicar el Gobierno nacional\u00a0no s\u00f3lo impactar\u00e1 en la boleta de la energ\u00eda el\u00e9ctrica [&hellip;]<\/p>\n","protected":false},"author":2,"featured_media":3964,"comment_status":"open","ping_status":"open","sticky":true,"template":"","format":"standard","meta":[],"categories":[47],"tags":[],"_links":{"self":[{"href":"https:\/\/pasaenmendoza.com\/index.php?rest_route=\/wp\/v2\/posts\/3963"}],"collection":[{"href":"https:\/\/pasaenmendoza.com\/index.php?rest_route=\/wp\/v2\/posts"}],"about":[{"href":"https:\/\/pasaenmendoza.com\/index.php?rest_route=\/wp\/v2\/types\/post"}],"author":[{"embeddable":true,"href":"https:\/\/pasaenmendoza.com\/index.php?rest_route=\/wp\/v2\/users\/2"}],"replies":[{"embeddable":true,"href":"https:\/\/pasaenmendoza.com\/index.php?rest_route=%2Fwp%2Fv2%2Fcomments&post=3963"}],"version-history":[{"count":1,"href":"https:\/\/pasaenmendoza.com\/index.php?rest_route=\/wp\/v2\/posts\/3963\/revisions"}],"predecessor-version":[{"id":3965,"href":"https:\/\/pasaenmendoza.com\/index.php?rest_route=\/wp\/v2\/posts\/3963\/revisions\/3965"}],"wp:featuredmedia":[{"embeddable":true,"href":"https:\/\/pasaenmendoza.com\/index.php?rest_route=\/wp\/v2\/media\/3964"}],"wp:attachment":[{"href":"https:\/\/pasaenmendoza.com\/index.php?rest_route=%2Fwp%2Fv2%2Fmedia&parent=3963"}],"wp:term":[{"taxonomy":"category","embeddable":true,"href":"https:\/\/pasaenmendoza.com\/index.php?rest_route=%2Fwp%2Fv2%2Fcategories&post=3963"},{"taxonomy":"post_tag","embeddable":true,"href":"https:\/\/pasaenmendoza.com\/index.php?rest_route=%2Fwp%2Fv2%2Ftags&post=3963"}],"curies":[{"name":"wp","href":"https:\/\/api.w.org\/{rel}","templated":true}]}}