{"id":3966,"date":"2023-12-21T13:26:51","date_gmt":"2023-12-21T12:26:51","guid":{"rendered":"https:\/\/pasaenmendoza.com\/?p=3966"},"modified":"2023-12-21T13:26:53","modified_gmt":"2023-12-21T12:26:53","slug":"el-tiempo-en-mendoza-arranca-el-verano-y-regresan-las-temperaturas-altas","status":"publish","type":"post","link":"https:\/\/pasaenmendoza.com\/?p=3966","title":{"rendered":"El tiempo en Mendoza: arranca el verano y regresan las temperaturas altas"},"content":{"rendered":"\n<p>Este\u00a0<strong>jueves<\/strong>\u00a0<mark>arranca oficialmente el verano en el Hemisferio Sur<\/mark>\u00a0y en Mendoza regresan las temperaturas elevadas. Para la jornada, la\u00a0<strong>Direcci\u00f3n de Contingencias Clim\u00e1ticas\u00a0<\/strong>anuncia: \u201cNubosidad variable con ascenso de la temperatura, vientos moderados del noreste\u201d.<\/p>\n\n\n\n<p>Adem\u00e1s, el&nbsp;<strong>Servicio Meteorol\u00f3gico Nacional (SMN)&nbsp;<\/strong>emiti\u00f3 un&nbsp;<mark>alerta amarilla por tormentas<\/mark>&nbsp;aisladas hacia la noche, afectando principalmente en sur provincial.<\/p>\n\n\n\n<p><mark>La m\u00ednima ser\u00e1 de 14 grados y la m\u00e1xima de 32.<\/mark><\/p>\n\n\n\n<p>Para el\u00a0<strong>viernes\u00a0<\/strong>se pronostica caluroso con nubosidad variable y vientos moderados del noreste. Nuevamente hay\u00a0<mark>alerta por tormentas aisladas.<\/mark>\u00a0El fen\u00f3meno afectar\u00e1 el Sur provincial.\u00a0<mark>La m\u00ednima ser\u00e1 de 18 grados y la m\u00e1xima de 35.<\/mark><\/p>\n\n\n\n<p>El&nbsp;<strong>s\u00e1bado<\/strong>&nbsp;estar\u00e1 caluroso con nubosidad variable, vientos moderados del noreste. Tormentas aisladas.&nbsp;<mark>La m\u00ednima ser\u00e1 de 19 grados y la m\u00e1xima de 35.<\/mark><\/p>\n\n\n\n<p>El\u00a0<strong>domingo<\/strong>, d\u00eda en que se celebra la Nochebuena, se espera nubosidad variable con poco cambio de la temperatura. Tormentas aisladas hacia la noche.<mark>\u00a0La m\u00ednima ser\u00e1 de 19 grados y la m\u00e1xima de 34.<\/mark><\/p>\n\n\n\n<p><strong>La situaci\u00f3n en alta monta\u00f1a<\/strong><\/p>\n\n\n\n<p>El&nbsp;<strong>Sistema Integrado Cristo Redentor<\/strong>&nbsp;se encuentra&nbsp;<mark>habilitado<\/mark>&nbsp;para todo tipo de veh\u00edculos, durante las 24 horas.<\/p>\n\n\n\n<p>El\u00a0<strong>paso Pehuenche<\/strong>\u00a0est\u00e1\u00a0<mark>transitable\u00a0<\/mark>de 9 a 19.<\/p>\n\n\n\n<p><strong>Fuente: www.elsol.com.ar<\/strong><\/p>\n","protected":false},"excerpt":{"rendered":"<p>Este\u00a0jueves\u00a0arranca oficialmente el verano en el Hemisferio Sur\u00a0y en Mendoza regresan las temperaturas elevadas. Para la jornada, la\u00a0Direcci\u00f3n de Contingencias Clim\u00e1ticas\u00a0anuncia: \u201cNubosidad variable con ascenso de la temperatura, vientos moderados del noreste\u201d. Adem\u00e1s, el&nbsp;Servicio Meteorol\u00f3gico Nacional (SMN)&nbsp;emiti\u00f3 un&nbsp;alerta amarilla por tormentas&nbsp;aisladas hacia la noche, afectando principalmente en sur provincial. La m\u00ednima ser\u00e1 de 14 grados [&hellip;]<\/p>\n","protected":false},"author":2,"featured_media":3967,"comment_status":"open","ping_status":"open","sticky":false,"template":"","format":"standard","meta":[],"categories":[52],"tags":[],"_links":{"self":[{"href":"https:\/\/pasaenmendoza.com\/index.php?rest_route=\/wp\/v2\/posts\/3966"}],"collection":[{"href":"https:\/\/pasaenmendoza.com\/index.php?rest_route=\/wp\/v2\/posts"}],"about":[{"href":"https:\/\/pasaenmendoza.com\/index.php?rest_route=\/wp\/v2\/types\/post"}],"author":[{"embeddable":true,"href":"https:\/\/pasaenmendoza.com\/index.php?rest_route=\/wp\/v2\/users\/2"}],"replies":[{"embeddable":true,"href":"https:\/\/pasaenmendoza.com\/index.php?rest_route=%2Fwp%2Fv2%2Fcomments&post=3966"}],"version-history":[{"count":1,"href":"https:\/\/pasaenmendoza.com\/index.php?rest_route=\/wp\/v2\/posts\/3966\/revisions"}],"predecessor-version":[{"id":3968,"href":"https:\/\/pasaenmendoza.com\/index.php?rest_route=\/wp\/v2\/posts\/3966\/revisions\/3968"}],"wp:featuredmedia":[{"embeddable":true,"href":"https:\/\/pasaenmendoza.com\/index.php?rest_route=\/wp\/v2\/media\/3967"}],"wp:attachment":[{"href":"https:\/\/pasaenmendoza.com\/index.php?rest_route=%2Fwp%2Fv2%2Fmedia&parent=3966"}],"wp:term":[{"taxonomy":"category","embeddable":true,"href":"https:\/\/pasaenmendoza.com\/index.php?rest_route=%2Fwp%2Fv2%2Fcategories&post=3966"},{"taxonomy":"post_tag","embeddable":true,"href":"https:\/\/pasaenmendoza.com\/index.php?rest_route=%2Fwp%2Fv2%2Ftags&post=3966"}],"curies":[{"name":"wp","href":"https:\/\/api.w.org\/{rel}","templated":true}]}}